{"id":1892,"date":"2020-07-30T09:21:02","date_gmt":"2020-07-30T07:21:02","guid":{"rendered":"https:\/\/thiers-sur-theve.fr\/?p=1892"},"modified":"2020-08-18T13:14:09","modified_gmt":"2020-08-18T11:14:09","slug":"plan-canicule","status":"publish","type":"post","link":"https:\/\/thiers-sur-theve.fr\/index.php\/2020\/07\/30\/plan-canicule\/","title":{"rendered":"Communication Plan Canicule &#8211; Minist\u00e8re de la sant\u00e9"},"content":{"rendered":"\n<p>Votre sant\u00e9 est en danger lorsque la temp\u00e9rature ext\u00e9rieure est plus \u00e9lev\u00e9e que la temp\u00e9rature habituelle dans votre r\u00e9gion.<\/p>\n\n\n\n<p><img loading=\"lazy\" decoding=\"async\" src=\"https:\/\/solidarites-sante.gouv.fr\/plugins\/site\/themes\/mass_theme_sante\/v1\/puce.gif\" width=\"8\" height=\"11\" alt=\"-\">&nbsp;La chaleur fatigue toujours<br><img loading=\"lazy\" decoding=\"async\" src=\"https:\/\/solidarites-sante.gouv.fr\/plugins\/site\/themes\/mass_theme_sante\/v1\/puce.gif\" width=\"8\" height=\"11\" alt=\"-\">&nbsp;Elle peut entra\u00eener des accidents graves et m\u00eame mortels, comme la d\u00e9shydratation ou le coup de chaleur<br><img loading=\"lazy\" decoding=\"async\" src=\"https:\/\/solidarites-sante.gouv.fr\/plugins\/site\/themes\/mass_theme_sante\/v1\/puce.gif\" width=\"8\" height=\"11\" alt=\"-\">&nbsp;La pollution de l\u2019air et l\u2019humidit\u00e9 aggravent les effets li\u00e9s \u00e0 la chaleur.<\/p>\n\n\n\n<p><strong>Ces risques peuvent survenir d\u00e8s les premiers jours de chaleur.<\/strong><\/p>\n\n\n\n<p><strong>Des gestes simples permettent d\u2019\u00e9viter les accidents. Il faut se pr\u00e9parer AVANT les premiers signes de souffrance corporelle, m\u00eame si ces signes paraissent insignifiants.<\/strong><\/p>\n\n\n\n<figure class=\"wp-block-image size-large\"><img loading=\"lazy\" decoding=\"async\" width=\"482\" height=\"713\" src=\"https:\/\/thiers-sur-theve.fr\/wp-content\/uploads\/2020\/07\/Annotation-2020-07-30-091223-1.jpg\" alt=\"\" class=\"wp-image-1895\" srcset=\"https:\/\/thiers-sur-theve.fr\/wp-content\/uploads\/2020\/07\/Annotation-2020-07-30-091223-1.jpg 482w, https:\/\/thiers-sur-theve.fr\/wp-content\/uploads\/2020\/07\/Annotation-2020-07-30-091223-1-203x300.jpg 203w\" sizes=\"auto, (max-width: 482px) 100vw, 482px\" \/><\/figure>\n\n\n\n<figure class=\"wp-block-image size-large\"><img loading=\"lazy\" decoding=\"async\" width=\"492\" height=\"721\" src=\"https:\/\/thiers-sur-theve.fr\/wp-content\/uploads\/2020\/07\/Annotation-2020-07-30-091332.jpg\" alt=\"\" class=\"wp-image-1894\" srcset=\"https:\/\/thiers-sur-theve.fr\/wp-content\/uploads\/2020\/07\/Annotation-2020-07-30-091332.jpg 492w, https:\/\/thiers-sur-theve.fr\/wp-content\/uploads\/2020\/07\/Annotation-2020-07-30-091332-205x300.jpg 205w\" sizes=\"auto, (max-width: 492px) 100vw, 492px\" \/><\/figure>\n\n\n\n<figure class=\"wp-block-embed\"><div class=\"wp-block-embed__wrapper\">\nhttps:\/\/solidarites-sante.gouv.fr\/sante-et-environnement\/risques-climatiques\/canicule\n<\/div><figcaption><a href=\"https:\/\/solidarites-sante.gouv.fr\/sante-et-environnement\/risques-climatiques\/canicule\">https:\/\/solidarites-sante.gouv.fr\/sante-et-environnement\/risques-climatiques\/canicule<\/a><\/figcaption><\/figure>\n","protected":false},"excerpt":{"rendered":"<p>Votre sant\u00e9 est en danger lorsque la temp\u00e9rature ext\u00e9rieure est plus \u00e9lev\u00e9e que la temp\u00e9rature habituelle dans votre r\u00e9gion. &nbsp;La chaleur fatigue toujours&nbsp;Elle peut entra\u00eener des accidents graves et m\u00eame mortels, comme la d\u00e9shydratation ou le coup de chaleur&nbsp;La pollution de l\u2019air et l\u2019humidit\u00e9 aggravent les effets li\u00e9s \u00e0 la chaleur. Ces risques peuvent survenir [&hellip;]<\/p>\n","protected":false},"author":2,"featured_media":1912,"comment_status":"closed","ping_status":"open","sticky":false,"template":"","format":"standard","meta":{"footnotes":""},"categories":[4],"tags":[],"class_list":["post-1892","post","type-post","status-publish","format-standard","has-post-thumbnail","hentry","category-actualite"],"_links":{"self":[{"href":"https:\/\/thiers-sur-theve.fr\/index.php\/wp-json\/wp\/v2\/posts\/1892","targetHints":{"allow":["GET"]}}],"collection":[{"href":"https:\/\/thiers-sur-theve.fr\/index.php\/wp-json\/wp\/v2\/posts"}],"about":[{"href":"https:\/\/thiers-sur-theve.fr\/index.php\/wp-json\/wp\/v2\/types\/post"}],"author":[{"embeddable":true,"href":"https:\/\/thiers-sur-theve.fr\/index.php\/wp-json\/wp\/v2\/users\/2"}],"replies":[{"embeddable":true,"href":"https:\/\/thiers-sur-theve.fr\/index.php\/wp-json\/wp\/v2\/comments?post=1892"}],"version-history":[{"count":0,"href":"https:\/\/thiers-sur-theve.fr\/index.php\/wp-json\/wp\/v2\/posts\/1892\/revisions"}],"wp:featuredmedia":[{"embeddable":true,"href":"https:\/\/thiers-sur-theve.fr\/index.php\/wp-json\/wp\/v2\/media\/1912"}],"wp:attachment":[{"href":"https:\/\/thiers-sur-theve.fr\/index.php\/wp-json\/wp\/v2\/media?parent=1892"}],"wp:term":[{"taxonomy":"category","embeddable":true,"href":"https:\/\/thiers-sur-theve.fr\/index.php\/wp-json\/wp\/v2\/categories?post=1892"},{"taxonomy":"post_tag","embeddable":true,"href":"https:\/\/thiers-sur-theve.fr\/index.php\/wp-json\/wp\/v2\/tags?post=1892"}],"curies":[{"name":"wp","href":"https:\/\/api.w.org\/{rel}","templated":true}]}}