{"id":1975,"date":"2020-08-18T13:11:13","date_gmt":"2020-08-18T11:11:13","guid":{"rendered":"https:\/\/thiers-sur-theve.fr\/?p=1975"},"modified":"2020-08-18T17:05:06","modified_gmt":"2020-08-18T15:05:06","slug":"arrete-prefectoral-relatif-au-port-du-masque-dans-loise","status":"publish","type":"post","link":"https:\/\/thiers-sur-theve.fr\/index.php\/2020\/08\/18\/arrete-prefectoral-relatif-au-port-du-masque-dans-loise\/","title":{"rendered":"Arr\u00eat\u00e9 pr\u00e9fectoral relatif au port du masque dans l&rsquo;Oise"},"content":{"rendered":"\n<p>Bonjour \u00e0 toutes et \u00e0 tous,<\/p>\n\n\n\n<p><\/p>\n\n\n\n<p>Vous trouverez ci-dessous un communiqu\u00e9 de la pr\u00e9fecture de l&rsquo;Oise relatif \u00e0 l&rsquo;obligation du port du masque lors des rassemblements publiques.<\/p>\n\n\n\n<p><strong>Depuis le 17 aout 18H, le port du masque devient obligatoire dans l&rsquo;Oise pour les rassemblements de plus de 10 personnes.<\/strong><\/p>\n\n\n\n<p>Sont concern\u00e9s\u00a0\u00ab\u00a0les rassemblements publics \u00e0 caract\u00e8re festif, culturel, \u00e9conomique, sportif ou m\u00e9moriel (\u2026) ou dans un lieu ouvert au public et mettant en pr\u00e9sence de mani\u00e8re simultan\u00e9e plus de dix personnes\u00a0\u00bb.<\/p>\n\n\n\n<p>La violation de cette r\u00e8gle est punie d\u2019une amende de 135 euros.<\/p>\n\n\n<a href=\"https:\/\/thiers-sur-theve.fr\/wp-content\/uploads\/2020\/08\/AP-du-17-ao\u00fbt-2020-portant-obligation-de-port-du-masque-lors-de-rass-de-plus-de-10-pers.pdf\" class=\"pdfemb-viewer\" style=\"\" data-width=\"max\" data-height=\"max\" data-toolbar=\"both\" data-toolbar-fixed=\"on\">AP-du-17-ao\u00fbt-2020-portant-obligation-de-port-du-masque-lors-de-rass-de-plus-de-10-pers<\/a>\n<p class=\"wp-block-pdfemb-pdf-embedder-viewer\"><\/p>\n\n\n\n<p><a href=\"https:\/\/www.oise.gouv.fr\/Actualites\/COVID-19-Renforcement-des-mesures-de-prevention-dans-le-departement-de-l-Oise\"><span class=\"has-inline-color has-colibri-color-2-color\">https:\/\/www.oise.gouv.fr\/Actualites\/COVID-19-Renforcement-des-mesures-de-prevention-dans-le-departement-de-l-Oise<\/span><\/a><\/p>\n","protected":false},"excerpt":{"rendered":"<p>Bonjour \u00e0 toutes et \u00e0 tous, Vous trouverez ci-dessous un communiqu\u00e9 de la pr\u00e9fecture de l&rsquo;Oise relatif \u00e0 l&rsquo;obligation du port du masque lors des rassemblements publiques. Depuis le 17 aout 18H, le port du masque devient obligatoire dans l&rsquo;Oise pour les rassemblements de plus de 10 personnes. Sont concern\u00e9s\u00a0\u00ab\u00a0les rassemblements publics \u00e0 caract\u00e8re festif, [&hellip;]<\/p>\n","protected":false},"author":2,"featured_media":1980,"comment_status":"closed","ping_status":"open","sticky":false,"template":"","format":"standard","meta":{"footnotes":""},"categories":[4,17],"tags":[],"class_list":["post-1975","post","type-post","status-publish","format-standard","has-post-thumbnail","hentry","category-actualite","category-covid"],"_links":{"self":[{"href":"https:\/\/thiers-sur-theve.fr\/index.php\/wp-json\/wp\/v2\/posts\/1975","targetHints":{"allow":["GET"]}}],"collection":[{"href":"https:\/\/thiers-sur-theve.fr\/index.php\/wp-json\/wp\/v2\/posts"}],"about":[{"href":"https:\/\/thiers-sur-theve.fr\/index.php\/wp-json\/wp\/v2\/types\/post"}],"author":[{"embeddable":true,"href":"https:\/\/thiers-sur-theve.fr\/index.php\/wp-json\/wp\/v2\/users\/2"}],"replies":[{"embeddable":true,"href":"https:\/\/thiers-sur-theve.fr\/index.php\/wp-json\/wp\/v2\/comments?post=1975"}],"version-history":[{"count":0,"href":"https:\/\/thiers-sur-theve.fr\/index.php\/wp-json\/wp\/v2\/posts\/1975\/revisions"}],"wp:featuredmedia":[{"embeddable":true,"href":"https:\/\/thiers-sur-theve.fr\/index.php\/wp-json\/wp\/v2\/media\/1980"}],"wp:attachment":[{"href":"https:\/\/thiers-sur-theve.fr\/index.php\/wp-json\/wp\/v2\/media?parent=1975"}],"wp:term":[{"taxonomy":"category","embeddable":true,"href":"https:\/\/thiers-sur-theve.fr\/index.php\/wp-json\/wp\/v2\/categories?post=1975"},{"taxonomy":"post_tag","embeddable":true,"href":"https:\/\/thiers-sur-theve.fr\/index.php\/wp-json\/wp\/v2\/tags?post=1975"}],"curies":[{"name":"wp","href":"https:\/\/api.w.org\/{rel}","templated":true}]}}