{"id":2098,"date":"2020-09-05T17:03:30","date_gmt":"2020-09-05T15:03:30","guid":{"rendered":"https:\/\/thiers-sur-theve.fr\/?p=2098"},"modified":"2020-09-05T17:03:31","modified_gmt":"2020-09-05T15:03:31","slug":"ouverture-de-la-bibliotheque-a-partir-du-10-09-2020","status":"publish","type":"post","link":"https:\/\/thiers-sur-theve.fr\/index.php\/2020\/09\/05\/ouverture-de-la-bibliotheque-a-partir-du-10-09-2020\/","title":{"rendered":"Ouverture de la biblioth\u00e8que \u00e0 partir du 10\/09\/2020"},"content":{"rendered":"\n<p>Bonjour \u00e0 toutes \u00e0 et \u00e0 tous;<\/p>\n\n\n\n<p>Voici les nouveaux horaires de la biblioth\u00e8que<\/p>\n\n\n\n<p><strong>A partir du 10 septembre 2020<\/strong><\/p>\n\n\n\n<p><strong>Les jeudis de 16h00 \u00e0 18h00<\/strong><\/p>\n\n\n\n<p><strong>3 personnes maximum<\/strong> <strong>en m\u00eame temps<\/strong><\/p>\n\n\n\n<p><strong>Pour acc\u00e9der \u00e0 la biblioth\u00e8que<\/strong> <strong>merci d\u2019appeler le 06.18.38.46.95<\/strong><\/p>\n","protected":false},"excerpt":{"rendered":"<p>Bonjour \u00e0 toutes \u00e0 et \u00e0 tous; Voici les nouveaux horaires de la biblioth\u00e8que A partir du 10 septembre 2020 Les jeudis de 16h00 \u00e0 18h00 3 personnes maximum en m\u00eame temps Pour acc\u00e9der \u00e0 la biblioth\u00e8que merci d\u2019appeler le 06.18.38.46.95<\/p>\n","protected":false},"author":2,"featured_media":612,"comment_status":"closed","ping_status":"open","sticky":false,"template":"","format":"standard","meta":{"footnotes":""},"categories":[18],"tags":[],"class_list":["post-2098","post","type-post","status-publish","format-standard","has-post-thumbnail","hentry","category-associations"],"_links":{"self":[{"href":"https:\/\/thiers-sur-theve.fr\/index.php\/wp-json\/wp\/v2\/posts\/2098","targetHints":{"allow":["GET"]}}],"collection":[{"href":"https:\/\/thiers-sur-theve.fr\/index.php\/wp-json\/wp\/v2\/posts"}],"about":[{"href":"https:\/\/thiers-sur-theve.fr\/index.php\/wp-json\/wp\/v2\/types\/post"}],"author":[{"embeddable":true,"href":"https:\/\/thiers-sur-theve.fr\/index.php\/wp-json\/wp\/v2\/users\/2"}],"replies":[{"embeddable":true,"href":"https:\/\/thiers-sur-theve.fr\/index.php\/wp-json\/wp\/v2\/comments?post=2098"}],"version-history":[{"count":0,"href":"https:\/\/thiers-sur-theve.fr\/index.php\/wp-json\/wp\/v2\/posts\/2098\/revisions"}],"wp:featuredmedia":[{"embeddable":true,"href":"https:\/\/thiers-sur-theve.fr\/index.php\/wp-json\/wp\/v2\/media\/612"}],"wp:attachment":[{"href":"https:\/\/thiers-sur-theve.fr\/index.php\/wp-json\/wp\/v2\/media?parent=2098"}],"wp:term":[{"taxonomy":"category","embeddable":true,"href":"https:\/\/thiers-sur-theve.fr\/index.php\/wp-json\/wp\/v2\/categories?post=2098"},{"taxonomy":"post_tag","embeddable":true,"href":"https:\/\/thiers-sur-theve.fr\/index.php\/wp-json\/wp\/v2\/tags?post=2098"}],"curies":[{"name":"wp","href":"https:\/\/api.w.org\/{rel}","templated":true}]}}