{"id":2100,"date":"2020-09-05T17:08:06","date_gmt":"2020-09-05T15:08:06","guid":{"rendered":"https:\/\/thiers-sur-theve.fr\/?p=2100"},"modified":"2020-09-05T17:10:10","modified_gmt":"2020-09-05T15:10:10","slug":"horaires-douverture-de-la-mairie-du-07-09-au-07-10","status":"publish","type":"post","link":"https:\/\/thiers-sur-theve.fr\/index.php\/2020\/09\/05\/horaires-douverture-de-la-mairie-du-07-09-au-07-10\/","title":{"rendered":"Horaires d&rsquo;ouverture de la mairie du 07\/09 au 07\/10"},"content":{"rendered":"\n<p>Bonjour \u00e0 toutes et \u00e0 tous,<\/p>\n\n\n\n<p>Le Secr\u00e9tariat de Mairie sera ouvert<\/p>\n\n\n\n<p><strong>Du \u00a007 SEPTEMBRE\u00a0au 07 OCTOBRE 2020<\/strong><\/p>\n\n\n\n<ul class=\"wp-block-list\"><li>le lundi, de 8h30 \u00e0 12h00<\/li><li>le mardi, de 14h00 \u00e0 18h30<\/li><li>le mercredi, de 8h30 \u00e0 12h00<\/li><li>le vendredi, 8h30 \u00e0 12h00<\/li><li>le samedi, de 09h00 \u00e0 12h00 (\u00e9lu-e)<\/li><\/ul>\n\n\n\n<p><\/p>\n","protected":false},"excerpt":{"rendered":"<p>Bonjour \u00e0 toutes et \u00e0 tous, Le Secr\u00e9tariat de Mairie sera ouvert Du \u00a007 SEPTEMBRE\u00a0au 07 OCTOBRE 2020 le lundi, de 8h30 \u00e0 12h00 le mardi, de 14h00 \u00e0 18h30 le mercredi, de 8h30 \u00e0 12h00 le vendredi, 8h30 \u00e0 12h00 le samedi, de 09h00 \u00e0 12h00 (\u00e9lu-e)<\/p>\n","protected":false},"author":2,"featured_media":611,"comment_status":"closed","ping_status":"open","sticky":false,"template":"","format":"standard","meta":{"footnotes":""},"categories":[16],"tags":[],"class_list":["post-2100","post","type-post","status-publish","format-standard","has-post-thumbnail","hentry","category-administratif"],"_links":{"self":[{"href":"https:\/\/thiers-sur-theve.fr\/index.php\/wp-json\/wp\/v2\/posts\/2100","targetHints":{"allow":["GET"]}}],"collection":[{"href":"https:\/\/thiers-sur-theve.fr\/index.php\/wp-json\/wp\/v2\/posts"}],"about":[{"href":"https:\/\/thiers-sur-theve.fr\/index.php\/wp-json\/wp\/v2\/types\/post"}],"author":[{"embeddable":true,"href":"https:\/\/thiers-sur-theve.fr\/index.php\/wp-json\/wp\/v2\/users\/2"}],"replies":[{"embeddable":true,"href":"https:\/\/thiers-sur-theve.fr\/index.php\/wp-json\/wp\/v2\/comments?post=2100"}],"version-history":[{"count":0,"href":"https:\/\/thiers-sur-theve.fr\/index.php\/wp-json\/wp\/v2\/posts\/2100\/revisions"}],"wp:featuredmedia":[{"embeddable":true,"href":"https:\/\/thiers-sur-theve.fr\/index.php\/wp-json\/wp\/v2\/media\/611"}],"wp:attachment":[{"href":"https:\/\/thiers-sur-theve.fr\/index.php\/wp-json\/wp\/v2\/media?parent=2100"}],"wp:term":[{"taxonomy":"category","embeddable":true,"href":"https:\/\/thiers-sur-theve.fr\/index.php\/wp-json\/wp\/v2\/categories?post=2100"},{"taxonomy":"post_tag","embeddable":true,"href":"https:\/\/thiers-sur-theve.fr\/index.php\/wp-json\/wp\/v2\/tags?post=2100"}],"curies":[{"name":"wp","href":"https:\/\/api.w.org\/{rel}","templated":true}]}}