{"id":2124,"date":"2020-09-10T18:26:14","date_gmt":"2020-09-10T16:26:14","guid":{"rendered":"https:\/\/thiers-sur-theve.fr\/?p=2124"},"modified":"2020-09-10T18:26:14","modified_gmt":"2020-09-10T16:26:14","slug":"arrete-prefectoral-sur-le-port-du-masque-dans-certains-lieux-publics","status":"publish","type":"post","link":"https:\/\/thiers-sur-theve.fr\/index.php\/2020\/09\/10\/arrete-prefectoral-sur-le-port-du-masque-dans-certains-lieux-publics\/","title":{"rendered":"Arr\u00eat\u00e9 pr\u00e9fectoral sur le port du masque dans certains lieux publics"},"content":{"rendered":"\n<p>Bonjour \u00e0 toutes et \u00e0 tous,<\/p>\n\n\n\n<p>vous trouverez ci-dessous l&rsquo;arr\u00eat\u00e9 pr\u00e9fectoral du 26 ao\u00fbt 2020 concernant l&rsquo;obligation de port du masque dans certains lieux publics de l&rsquo;Oise.<\/p>\n\n\n<a href=\"https:\/\/thiers-sur-theve.fr\/wp-content\/uploads\/2020\/09\/AP-du-26-aout-2020-obligation-de-port-du-masque-Oise2.pdf\" class=\"pdfemb-viewer\" style=\"\" data-width=\"max\" data-height=\"max\" data-toolbar=\"both\" data-toolbar-fixed=\"on\">AP-du-26-aout-2020-obligation-de-port-du-masque-Oise2<\/a>\n<p class=\"wp-block-pdfemb-pdf-embedder-viewer\"><\/p>\n","protected":false},"excerpt":{"rendered":"<p>Bonjour \u00e0 toutes et \u00e0 tous, vous trouverez ci-dessous l&rsquo;arr\u00eat\u00e9 pr\u00e9fectoral du 26 ao\u00fbt 2020 concernant l&rsquo;obligation de port du masque dans certains lieux publics de l&rsquo;Oise.<\/p>\n","protected":false},"author":2,"featured_media":1230,"comment_status":"closed","ping_status":"open","sticky":false,"template":"","format":"standard","meta":{"footnotes":""},"categories":[4,17],"tags":[],"class_list":["post-2124","post","type-post","status-publish","format-standard","has-post-thumbnail","hentry","category-actualite","category-covid"],"_links":{"self":[{"href":"https:\/\/thiers-sur-theve.fr\/index.php\/wp-json\/wp\/v2\/posts\/2124","targetHints":{"allow":["GET"]}}],"collection":[{"href":"https:\/\/thiers-sur-theve.fr\/index.php\/wp-json\/wp\/v2\/posts"}],"about":[{"href":"https:\/\/thiers-sur-theve.fr\/index.php\/wp-json\/wp\/v2\/types\/post"}],"author":[{"embeddable":true,"href":"https:\/\/thiers-sur-theve.fr\/index.php\/wp-json\/wp\/v2\/users\/2"}],"replies":[{"embeddable":true,"href":"https:\/\/thiers-sur-theve.fr\/index.php\/wp-json\/wp\/v2\/comments?post=2124"}],"version-history":[{"count":0,"href":"https:\/\/thiers-sur-theve.fr\/index.php\/wp-json\/wp\/v2\/posts\/2124\/revisions"}],"wp:featuredmedia":[{"embeddable":true,"href":"https:\/\/thiers-sur-theve.fr\/index.php\/wp-json\/wp\/v2\/media\/1230"}],"wp:attachment":[{"href":"https:\/\/thiers-sur-theve.fr\/index.php\/wp-json\/wp\/v2\/media?parent=2124"}],"wp:term":[{"taxonomy":"category","embeddable":true,"href":"https:\/\/thiers-sur-theve.fr\/index.php\/wp-json\/wp\/v2\/categories?post=2124"},{"taxonomy":"post_tag","embeddable":true,"href":"https:\/\/thiers-sur-theve.fr\/index.php\/wp-json\/wp\/v2\/tags?post=2124"}],"curies":[{"name":"wp","href":"https:\/\/api.w.org\/{rel}","templated":true}]}}