{"id":2127,"date":"2020-09-11T16:16:38","date_gmt":"2020-09-11T14:16:38","guid":{"rendered":"https:\/\/thiers-sur-theve.fr\/?p=2127"},"modified":"2020-09-11T16:16:40","modified_gmt":"2020-09-11T14:16:40","slug":"suppression-des-deux-poubelles-pres-des-bacs-a-verre","status":"publish","type":"post","link":"https:\/\/thiers-sur-theve.fr\/index.php\/2020\/09\/11\/suppression-des-deux-poubelles-pres-des-bacs-a-verre\/","title":{"rendered":"Suppression des deux poubelles pr\u00e8s des bacs \u00e0 verre"},"content":{"rendered":"\n<p>Bonjour \u00e0 toutes et \u00e0 tous,<\/p>\n\n\n\n<p>Suite \u00e0 de nombreux abus, nous avons \u00e9t\u00e9 contraints de retirer les 2 poubelles au niveau des bennes \u00e0 verres, afin d&rsquo;\u00e9viter d&rsquo;y retrouver quotidiennement des sacs d&rsquo;ordures m\u00e9nag\u00e8res. <\/p>\n\n\n\n<p>Dor\u00e9navant, le d\u00e9p\u00f4t de sacs de poubelles ou autres d\u00e9chets \u00e0 m\u00eame le sol sera consid\u00e9r\u00e9 comme d\u00e9p\u00f4t sauvage.<\/p>\n\n\n\n<p><a href=\"https:\/\/www.legifrance.gouv.fr\/affichCodeArticle.do?idArticle=LEGIARTI000030402227&amp;cidTexte=LEGITEXT000006070719&amp;dateTexte=vig\">https:\/\/www.legifrance.gouv.fr\/affichCodeArticle.do?idArticle=LEGIARTI000030402227&amp;cidTexte=LEGITEXT000006070719&amp;dateTexte=vig<\/a><\/p>\n\n\n\n<p><strong>Article R633-6<\/strong><\/p>\n\n\n\n<p>Hors les cas pr\u00e9vus par les articles\u00a0<a href=\"https:\/\/www.legifrance.gouv.fr\/affichCodeArticle.do?cidTexte=LEGITEXT000006070719&amp;idArticle=LEGIARTI000006419546&amp;dateTexte=&amp;categorieLien=cid\">R. 635-8<\/a>\u00a0et\u00a0<a href=\"https:\/\/www.legifrance.gouv.fr\/affichCodeArticle.do?cidTexte=LEGITEXT000006070719&amp;idArticle=LEGIARTI000006419558&amp;dateTexte=&amp;categorieLien=cid\">R. 644-2<\/a>, est puni de l&rsquo;amende pr\u00e9vue pour les contraventions de la 3e classe le fait de d\u00e9poser, d&rsquo;abandonner, de jeter ou de d\u00e9verser, en lieu public ou priv\u00e9, \u00e0 l&rsquo;exception des emplacements d\u00e9sign\u00e9s \u00e0 cet effet par l&rsquo;autorit\u00e9 administrative comp\u00e9tente, des ordures, d\u00e9chets, d\u00e9jections, mat\u00e9riaux, liquides insalubres ou tout autre objet de quelque nature qu&rsquo;il soit, y compris en urinant sur la voie publique, si ces faits ne sont pas accomplis par la personne ayant la jouissance du lieu ou avec son autorisation.<\/p>\n","protected":false},"excerpt":{"rendered":"<p>Bonjour \u00e0 toutes et \u00e0 tous, Suite \u00e0 de nombreux abus, nous avons \u00e9t\u00e9 contraints de retirer les 2 poubelles au niveau des bennes \u00e0 verres, afin d&rsquo;\u00e9viter d&rsquo;y retrouver quotidiennement des sacs d&rsquo;ordures m\u00e9nag\u00e8res. Dor\u00e9navant, le d\u00e9p\u00f4t de sacs de poubelles ou autres d\u00e9chets \u00e0 m\u00eame le sol sera consid\u00e9r\u00e9 comme d\u00e9p\u00f4t sauvage. https:\/\/www.legifrance.gouv.fr\/affichCodeArticle.do?idArticle=LEGIARTI000030402227&amp;cidTexte=LEGITEXT000006070719&amp;dateTexte=vig [&hellip;]<\/p>\n","protected":false},"author":2,"featured_media":2129,"comment_status":"closed","ping_status":"open","sticky":false,"template":"","format":"standard","meta":{"footnotes":""},"categories":[4],"tags":[],"class_list":["post-2127","post","type-post","status-publish","format-standard","has-post-thumbnail","hentry","category-actualite"],"_links":{"self":[{"href":"https:\/\/thiers-sur-theve.fr\/index.php\/wp-json\/wp\/v2\/posts\/2127","targetHints":{"allow":["GET"]}}],"collection":[{"href":"https:\/\/thiers-sur-theve.fr\/index.php\/wp-json\/wp\/v2\/posts"}],"about":[{"href":"https:\/\/thiers-sur-theve.fr\/index.php\/wp-json\/wp\/v2\/types\/post"}],"author":[{"embeddable":true,"href":"https:\/\/thiers-sur-theve.fr\/index.php\/wp-json\/wp\/v2\/users\/2"}],"replies":[{"embeddable":true,"href":"https:\/\/thiers-sur-theve.fr\/index.php\/wp-json\/wp\/v2\/comments?post=2127"}],"version-history":[{"count":0,"href":"https:\/\/thiers-sur-theve.fr\/index.php\/wp-json\/wp\/v2\/posts\/2127\/revisions"}],"wp:featuredmedia":[{"embeddable":true,"href":"https:\/\/thiers-sur-theve.fr\/index.php\/wp-json\/wp\/v2\/media\/2129"}],"wp:attachment":[{"href":"https:\/\/thiers-sur-theve.fr\/index.php\/wp-json\/wp\/v2\/media?parent=2127"}],"wp:term":[{"taxonomy":"category","embeddable":true,"href":"https:\/\/thiers-sur-theve.fr\/index.php\/wp-json\/wp\/v2\/categories?post=2127"},{"taxonomy":"post_tag","embeddable":true,"href":"https:\/\/thiers-sur-theve.fr\/index.php\/wp-json\/wp\/v2\/tags?post=2127"}],"curies":[{"name":"wp","href":"https:\/\/api.w.org\/{rel}","templated":true}]}}