{"id":2169,"date":"2020-09-30T13:01:24","date_gmt":"2020-09-30T11:01:24","guid":{"rendered":"https:\/\/thiers-sur-theve.fr\/?p=2169"},"modified":"2020-09-30T13:01:26","modified_gmt":"2020-09-30T11:01:26","slug":"loise-classee-zone-alerte-jusquau-11-octobre","status":"publish","type":"post","link":"https:\/\/thiers-sur-theve.fr\/index.php\/2020\/09\/30\/loise-classee-zone-alerte-jusquau-11-octobre\/","title":{"rendered":"L&rsquo;Oise class\u00e9e \u00ab\u00a0zone alerte\u00a0\u00bb jusqu&rsquo;au 11 octobre"},"content":{"rendered":"\n<p>Les mesures prises par la pr\u00e9f\u00e8te de l\u2019Oise Corinne Orzechowski pour lutter contre le Covid dans le d\u00e9partement ont \u00e9t\u00e9 officialis\u00e9es lundi 28 septembre. Applicables d\u00e8s ce mardi 29 septembre pour une dur\u00e9e de 15 jours, soit le 11 octobre.<\/p>\n\n\n\n<p>Entre autres mesures, \u00a0<strong>le port du masque devient obligatoire pour les 11 ans et plus<\/strong> dans les 13 villes suivantes : Beauvais, Compi\u00e8gne, Creil, Nogent-sur-Oise, Cr\u00e9py-en-Valois, M\u00e9ru, <strong>Senlis<\/strong>, Noyon, Montataire, Pont-Sainte-Maxence, Chantilly, Chambly et Clermont.<\/p>\n\n\n\n<figure class=\"wp-block-image size-large\"><img loading=\"lazy\" decoding=\"async\" width=\"724\" height=\"1024\" src=\"https:\/\/thiers-sur-theve.fr\/wp-content\/uploads\/2020\/09\/cropped-infographie-pref60-Covid-scaled-1-1-724x1024.jpg\" alt=\"\" class=\"wp-image-2148\" srcset=\"https:\/\/thiers-sur-theve.fr\/wp-content\/uploads\/2020\/09\/cropped-infographie-pref60-Covid-scaled-1-1-724x1024.jpg 724w, https:\/\/thiers-sur-theve.fr\/wp-content\/uploads\/2020\/09\/cropped-infographie-pref60-Covid-scaled-1-1-212x300.jpg 212w, https:\/\/thiers-sur-theve.fr\/wp-content\/uploads\/2020\/09\/cropped-infographie-pref60-Covid-scaled-1-1.jpg 768w\" sizes=\"auto, (max-width: 724px) 100vw, 724px\" \/><\/figure>\n\n\n\n<p><\/p>\n","protected":false},"excerpt":{"rendered":"<p>Les mesures prises par la pr\u00e9f\u00e8te de l\u2019Oise Corinne Orzechowski pour lutter contre le Covid dans le d\u00e9partement ont \u00e9t\u00e9 officialis\u00e9es lundi 28 septembre. Applicables d\u00e8s ce mardi 29 septembre pour une dur\u00e9e de 15 jours, soit le 11 octobre. Entre autres mesures, \u00a0le port du masque devient obligatoire pour les 11 ans et plus [&hellip;]<\/p>\n","protected":false},"author":2,"featured_media":1230,"comment_status":"closed","ping_status":"open","sticky":false,"template":"","format":"standard","meta":{"footnotes":""},"categories":[4,17],"tags":[],"class_list":["post-2169","post","type-post","status-publish","format-standard","has-post-thumbnail","hentry","category-actualite","category-covid"],"_links":{"self":[{"href":"https:\/\/thiers-sur-theve.fr\/index.php\/wp-json\/wp\/v2\/posts\/2169","targetHints":{"allow":["GET"]}}],"collection":[{"href":"https:\/\/thiers-sur-theve.fr\/index.php\/wp-json\/wp\/v2\/posts"}],"about":[{"href":"https:\/\/thiers-sur-theve.fr\/index.php\/wp-json\/wp\/v2\/types\/post"}],"author":[{"embeddable":true,"href":"https:\/\/thiers-sur-theve.fr\/index.php\/wp-json\/wp\/v2\/users\/2"}],"replies":[{"embeddable":true,"href":"https:\/\/thiers-sur-theve.fr\/index.php\/wp-json\/wp\/v2\/comments?post=2169"}],"version-history":[{"count":0,"href":"https:\/\/thiers-sur-theve.fr\/index.php\/wp-json\/wp\/v2\/posts\/2169\/revisions"}],"wp:featuredmedia":[{"embeddable":true,"href":"https:\/\/thiers-sur-theve.fr\/index.php\/wp-json\/wp\/v2\/media\/1230"}],"wp:attachment":[{"href":"https:\/\/thiers-sur-theve.fr\/index.php\/wp-json\/wp\/v2\/media?parent=2169"}],"wp:term":[{"taxonomy":"category","embeddable":true,"href":"https:\/\/thiers-sur-theve.fr\/index.php\/wp-json\/wp\/v2\/categories?post=2169"},{"taxonomy":"post_tag","embeddable":true,"href":"https:\/\/thiers-sur-theve.fr\/index.php\/wp-json\/wp\/v2\/tags?post=2169"}],"curies":[{"name":"wp","href":"https:\/\/api.w.org\/{rel}","templated":true}]}}