{"id":2186,"date":"2020-10-12T19:18:10","date_gmt":"2020-10-12T17:18:10","guid":{"rendered":"https:\/\/thiers-sur-theve.fr\/?p=2186"},"modified":"2020-10-30T09:59:22","modified_gmt":"2020-10-30T08:59:22","slug":"covid-prolongation-de-letat-zone-alerte-jusquau-16-10","status":"publish","type":"post","link":"https:\/\/thiers-sur-theve.fr\/index.php\/2020\/10\/12\/covid-prolongation-de-letat-zone-alerte-jusquau-16-10\/","title":{"rendered":"COVID : Prolongation de l&rsquo;\u00e9tat \u00ab\u00a0zone alerte\u00a0\u00bb jusqu&rsquo;au 16\/10"},"content":{"rendered":"\n<p>Bonsoir \u00e0 toutes et \u00e0 tous,<\/p>\n\n\n\n<p>la pr\u00e9fecture de l&rsquo;Oise vient de reconduire l&rsquo;\u00e9tat de \u00ab\u00a0zone alerte\u00a0\u00bb dans notre d\u00e9partement jusqu&rsquo;au 16\/10.<\/p>\n\n\n\n<p>L&rsquo;ensemble des mesures d\u00e9crites dans le lien ci-dessous restent donc en vigueur :<\/p>\n\n\n\n<figure class=\"wp-block-embed-wordpress wp-block-embed is-type-wp-embed is-provider-mairie-de-thiers-sur-theve\"><div class=\"wp-block-embed__wrapper\">\n<blockquote class=\"wp-embedded-content\" data-secret=\"4zYMVsJmML\"><a href=\"https:\/\/thiers-sur-theve.fr\/index.php\/2020\/09\/30\/loise-classee-zone-alerte-jusquau-11-octobre\/\">L&rsquo;Oise class\u00e9e \u00ab\u00a0zone alerte\u00a0\u00bb jusqu&rsquo;au 11 octobre<\/a><\/blockquote><iframe loading=\"lazy\" class=\"wp-embedded-content\" sandbox=\"allow-scripts\" security=\"restricted\" style=\"position: absolute; visibility: hidden;\" title=\"\u00ab\u00a0L&rsquo;Oise class\u00e9e \u00ab\u00a0zone alerte\u00a0\u00bb jusqu&rsquo;au 11 octobre\u00a0\u00bb &#8212; Mairie de Thiers sur Theve\" src=\"https:\/\/thiers-sur-theve.fr\/index.php\/2020\/09\/30\/loise-classee-zone-alerte-jusquau-11-octobre\/embed\/#?secret=0L069sN145#?secret=4zYMVsJmML\" data-secret=\"4zYMVsJmML\" width=\"500\" height=\"282\" frameborder=\"0\" marginwidth=\"0\" marginheight=\"0\" scrolling=\"no\"><\/iframe>\n<\/div><\/figure>\n","protected":false},"excerpt":{"rendered":"<p>Bonsoir \u00e0 toutes et \u00e0 tous, la pr\u00e9fecture de l&rsquo;Oise vient de reconduire l&rsquo;\u00e9tat de \u00ab\u00a0zone alerte\u00a0\u00bb dans notre d\u00e9partement jusqu&rsquo;au 16\/10. L&rsquo;ensemble des mesures d\u00e9crites dans le lien ci-dessous restent donc en vigueur :<\/p>\n","protected":false},"author":2,"featured_media":1980,"comment_status":"closed","ping_status":"open","sticky":false,"template":"","format":"standard","meta":{"footnotes":""},"categories":[4,17],"tags":[],"class_list":["post-2186","post","type-post","status-publish","format-standard","has-post-thumbnail","hentry","category-actualite","category-covid"],"_links":{"self":[{"href":"https:\/\/thiers-sur-theve.fr\/index.php\/wp-json\/wp\/v2\/posts\/2186","targetHints":{"allow":["GET"]}}],"collection":[{"href":"https:\/\/thiers-sur-theve.fr\/index.php\/wp-json\/wp\/v2\/posts"}],"about":[{"href":"https:\/\/thiers-sur-theve.fr\/index.php\/wp-json\/wp\/v2\/types\/post"}],"author":[{"embeddable":true,"href":"https:\/\/thiers-sur-theve.fr\/index.php\/wp-json\/wp\/v2\/users\/2"}],"replies":[{"embeddable":true,"href":"https:\/\/thiers-sur-theve.fr\/index.php\/wp-json\/wp\/v2\/comments?post=2186"}],"version-history":[{"count":0,"href":"https:\/\/thiers-sur-theve.fr\/index.php\/wp-json\/wp\/v2\/posts\/2186\/revisions"}],"wp:featuredmedia":[{"embeddable":true,"href":"https:\/\/thiers-sur-theve.fr\/index.php\/wp-json\/wp\/v2\/media\/1980"}],"wp:attachment":[{"href":"https:\/\/thiers-sur-theve.fr\/index.php\/wp-json\/wp\/v2\/media?parent=2186"}],"wp:term":[{"taxonomy":"category","embeddable":true,"href":"https:\/\/thiers-sur-theve.fr\/index.php\/wp-json\/wp\/v2\/categories?post=2186"},{"taxonomy":"post_tag","embeddable":true,"href":"https:\/\/thiers-sur-theve.fr\/index.php\/wp-json\/wp\/v2\/tags?post=2186"}],"curies":[{"name":"wp","href":"https:\/\/api.w.org\/{rel}","templated":true}]}}