{"id":2190,"date":"2020-10-23T09:39:57","date_gmt":"2020-10-23T07:39:57","guid":{"rendered":"https:\/\/thiers-sur-theve.fr\/?p=2190"},"modified":"2020-10-30T14:58:25","modified_gmt":"2020-10-30T13:58:25","slug":"passage-de-loise-en-zone-couvre-feu-a-partir-du-24-10-2020-pour-6-semaines","status":"publish","type":"post","link":"https:\/\/thiers-sur-theve.fr\/index.php\/2020\/10\/23\/passage-de-loise-en-zone-couvre-feu-a-partir-du-24-10-2020-pour-6-semaines\/","title":{"rendered":"Passage de l&rsquo;Oise en zone \u00ab\u00a0Couvre-feu\u00a0\u00bb \u00e0 partir du 24\/10\/2020 pour 6 semaines"},"content":{"rendered":"\n<p>Bonjour \u00e0 toutes et \u00e0 tous,<\/p>\n\n\n\n<p>l&rsquo;Oise passe donc en zone \u00ab\u00a0Couvre-feu\u00a0\u00bb dans la nuit de samedi \u00e0 dimanche, \u00e0 minuit, pour une dur\u00e9e de six semaines.<\/p>\n\n\n\n<p>Durant cette p\u00e9riode :<br>&#8211; le couvre feu sera effectif de 21h00 \u00e0 6h00 du matin. <br>&#8211; les bars ne pourront plus servir de boissons au comptoir comme \u00e0 table ou en terrasse, seul le service restauration et restauration \u00e0 emporter, pourra fonctionner en application de l&rsquo;article 40 du d\u00e9cret 2020-1262 du 16 octobre 2020. <br>Vous trouverez l&rsquo;ensemble des informations ici :<\/p>\n\n\n\n<p><a href=\"https:\/\/www.oise.gouv.fr\/Actualites\/Passage-de-l-Oise-en-zone-couvre-feu\"><span class=\"has-inline-color has-colibri-color-2-color\">https:\/\/www.oise.gouv.fr\/Actualites\/Passage-de-l-Oise-en-zone-couvre-feu<\/span><\/a><\/p>\n","protected":false},"excerpt":{"rendered":"<p>Bonjour \u00e0 toutes et \u00e0 tous, l&rsquo;Oise passe donc en zone \u00ab\u00a0Couvre-feu\u00a0\u00bb dans la nuit de samedi \u00e0 dimanche, \u00e0 minuit, pour une dur\u00e9e de six semaines. Durant cette p\u00e9riode :&#8211; le couvre feu sera effectif de 21h00 \u00e0 6h00 du matin. &#8211; les bars ne pourront plus servir de boissons au comptoir comme \u00e0 [&hellip;]<\/p>\n","protected":false},"author":2,"featured_media":1230,"comment_status":"closed","ping_status":"open","sticky":false,"template":"","format":"standard","meta":{"footnotes":""},"categories":[4,17],"tags":[],"class_list":["post-2190","post","type-post","status-publish","format-standard","has-post-thumbnail","hentry","category-actualite","category-covid"],"_links":{"self":[{"href":"https:\/\/thiers-sur-theve.fr\/index.php\/wp-json\/wp\/v2\/posts\/2190","targetHints":{"allow":["GET"]}}],"collection":[{"href":"https:\/\/thiers-sur-theve.fr\/index.php\/wp-json\/wp\/v2\/posts"}],"about":[{"href":"https:\/\/thiers-sur-theve.fr\/index.php\/wp-json\/wp\/v2\/types\/post"}],"author":[{"embeddable":true,"href":"https:\/\/thiers-sur-theve.fr\/index.php\/wp-json\/wp\/v2\/users\/2"}],"replies":[{"embeddable":true,"href":"https:\/\/thiers-sur-theve.fr\/index.php\/wp-json\/wp\/v2\/comments?post=2190"}],"version-history":[{"count":0,"href":"https:\/\/thiers-sur-theve.fr\/index.php\/wp-json\/wp\/v2\/posts\/2190\/revisions"}],"wp:featuredmedia":[{"embeddable":true,"href":"https:\/\/thiers-sur-theve.fr\/index.php\/wp-json\/wp\/v2\/media\/1230"}],"wp:attachment":[{"href":"https:\/\/thiers-sur-theve.fr\/index.php\/wp-json\/wp\/v2\/media?parent=2190"}],"wp:term":[{"taxonomy":"category","embeddable":true,"href":"https:\/\/thiers-sur-theve.fr\/index.php\/wp-json\/wp\/v2\/categories?post=2190"},{"taxonomy":"post_tag","embeddable":true,"href":"https:\/\/thiers-sur-theve.fr\/index.php\/wp-json\/wp\/v2\/tags?post=2190"}],"curies":[{"name":"wp","href":"https:\/\/api.w.org\/{rel}","templated":true}]}}