{"id":2286,"date":"2020-11-02T17:52:35","date_gmt":"2020-11-02T16:52:35","guid":{"rendered":"https:\/\/thiers-sur-theve.fr\/?p=2286"},"modified":"2020-11-02T17:52:36","modified_gmt":"2020-11-02T16:52:36","slug":"report-du-conseil-municipal-du-3-novembre-2020","status":"publish","type":"post","link":"https:\/\/thiers-sur-theve.fr\/index.php\/2020\/11\/02\/report-du-conseil-municipal-du-3-novembre-2020\/","title":{"rendered":"Report du conseil municipal du 3 novembre 2020"},"content":{"rendered":"\n<p>En l&rsquo;absence d&rsquo;instructions minist\u00e9rielles claires quant aux modalit\u00e9s de maintien des\u00a0diff\u00e9rents conseils durant cette crise sanitaire, le conseil municipal initialement pr\u00e9vu le 3 novembre est report\u00e9 \u00e0 une date ult\u00e9rieure.<br>Nous reviendrons vers vous d\u00e8s qu&rsquo;une nouvelle date sera fix\u00e9e.<\/p>\n","protected":false},"excerpt":{"rendered":"<p>En l&rsquo;absence d&rsquo;instructions minist\u00e9rielles claires quant aux modalit\u00e9s de maintien des\u00a0diff\u00e9rents conseils durant cette crise sanitaire, le conseil municipal initialement pr\u00e9vu le 3 novembre est report\u00e9 \u00e0 une date ult\u00e9rieure.Nous reviendrons vers vous d\u00e8s qu&rsquo;une nouvelle date sera fix\u00e9e.<\/p>\n","protected":false},"author":2,"featured_media":1388,"comment_status":"closed","ping_status":"open","sticky":false,"template":"","format":"standard","meta":{"footnotes":""},"categories":[6,17],"tags":[],"class_list":["post-2286","post","type-post","status-publish","format-standard","has-post-thumbnail","hentry","category-conseil-municipal","category-covid"],"_links":{"self":[{"href":"https:\/\/thiers-sur-theve.fr\/index.php\/wp-json\/wp\/v2\/posts\/2286","targetHints":{"allow":["GET"]}}],"collection":[{"href":"https:\/\/thiers-sur-theve.fr\/index.php\/wp-json\/wp\/v2\/posts"}],"about":[{"href":"https:\/\/thiers-sur-theve.fr\/index.php\/wp-json\/wp\/v2\/types\/post"}],"author":[{"embeddable":true,"href":"https:\/\/thiers-sur-theve.fr\/index.php\/wp-json\/wp\/v2\/users\/2"}],"replies":[{"embeddable":true,"href":"https:\/\/thiers-sur-theve.fr\/index.php\/wp-json\/wp\/v2\/comments?post=2286"}],"version-history":[{"count":0,"href":"https:\/\/thiers-sur-theve.fr\/index.php\/wp-json\/wp\/v2\/posts\/2286\/revisions"}],"wp:featuredmedia":[{"embeddable":true,"href":"https:\/\/thiers-sur-theve.fr\/index.php\/wp-json\/wp\/v2\/media\/1388"}],"wp:attachment":[{"href":"https:\/\/thiers-sur-theve.fr\/index.php\/wp-json\/wp\/v2\/media?parent=2286"}],"wp:term":[{"taxonomy":"category","embeddable":true,"href":"https:\/\/thiers-sur-theve.fr\/index.php\/wp-json\/wp\/v2\/categories?post=2286"},{"taxonomy":"post_tag","embeddable":true,"href":"https:\/\/thiers-sur-theve.fr\/index.php\/wp-json\/wp\/v2\/tags?post=2286"}],"curies":[{"name":"wp","href":"https:\/\/api.w.org\/{rel}","templated":true}]}}