{"id":2294,"date":"2020-11-11T12:27:02","date_gmt":"2020-11-11T11:27:02","guid":{"rendered":"https:\/\/thiers-sur-theve.fr\/?p=2294"},"modified":"2020-11-11T12:29:25","modified_gmt":"2020-11-11T11:29:25","slug":"ordre-du-jour-du-conseil-municipal-du-04-09-2020-2","status":"publish","type":"post","link":"https:\/\/thiers-sur-theve.fr\/index.php\/2020\/11\/11\/ordre-du-jour-du-conseil-municipal-du-04-09-2020-2\/","title":{"rendered":"Ordre du jour du conseil municipal du 16\/11\/2020"},"content":{"rendered":"\n<p>Bonjour \u00e0 toutes et \u00e0 tous,<\/p>\n\n\n\n<p>vous trouverez ci-joint l&rsquo;ordre du jour du conseil municipal qui aura lieu le 16 novembre 2020 \u00e0 19H.<\/p>\n\n\n\n<p>Conform\u00e9ment aux directives pr\u00e9fectorales, \u00ab\u00a0la s\u00e9ance ne sera pas ouverte au public, \u00e0 l&rsquo;exception des journalistes ou personnes qui justifieraient d&rsquo;un motif professionnel\u00a0\u00bb.<\/p>\n\n\n\n<p>Si vous souhaitiez poser une question, vous pouvez vous rapprocher d&rsquo;un \u00e9lu, et la question sera expos\u00e9e lors de la s\u00e9ance.<\/p>\n\n\n<a href=\"https:\/\/thiers-sur-theve.fr\/wp-content\/uploads\/2020\/11\/1256_001.pdf\" class=\"pdfemb-viewer\" style=\"\" data-width=\"max\" data-height=\"max\" data-toolbar=\"both\" data-toolbar-fixed=\"on\">1256_001<\/a>\n<p class=\"wp-block-pdfemb-pdf-embedder-viewer\"><\/p>\n","protected":false},"excerpt":{"rendered":"<p>Bonjour \u00e0 toutes et \u00e0 tous, vous trouverez ci-joint l&rsquo;ordre du jour du conseil municipal qui aura lieu le 16 novembre 2020 \u00e0 19H. Conform\u00e9ment aux directives pr\u00e9fectorales, \u00ab\u00a0la s\u00e9ance ne sera pas ouverte au public, \u00e0 l&rsquo;exception des journalistes ou personnes qui justifieraient d&rsquo;un motif professionnel\u00a0\u00bb. Si vous souhaitiez poser une question, vous pouvez [&hellip;]<\/p>\n","protected":false},"author":2,"featured_media":1388,"comment_status":"closed","ping_status":"open","sticky":false,"template":"","format":"standard","meta":{"footnotes":""},"categories":[6],"tags":[],"class_list":["post-2294","post","type-post","status-publish","format-standard","has-post-thumbnail","hentry","category-conseil-municipal"],"_links":{"self":[{"href":"https:\/\/thiers-sur-theve.fr\/index.php\/wp-json\/wp\/v2\/posts\/2294","targetHints":{"allow":["GET"]}}],"collection":[{"href":"https:\/\/thiers-sur-theve.fr\/index.php\/wp-json\/wp\/v2\/posts"}],"about":[{"href":"https:\/\/thiers-sur-theve.fr\/index.php\/wp-json\/wp\/v2\/types\/post"}],"author":[{"embeddable":true,"href":"https:\/\/thiers-sur-theve.fr\/index.php\/wp-json\/wp\/v2\/users\/2"}],"replies":[{"embeddable":true,"href":"https:\/\/thiers-sur-theve.fr\/index.php\/wp-json\/wp\/v2\/comments?post=2294"}],"version-history":[{"count":0,"href":"https:\/\/thiers-sur-theve.fr\/index.php\/wp-json\/wp\/v2\/posts\/2294\/revisions"}],"wp:featuredmedia":[{"embeddable":true,"href":"https:\/\/thiers-sur-theve.fr\/index.php\/wp-json\/wp\/v2\/media\/1388"}],"wp:attachment":[{"href":"https:\/\/thiers-sur-theve.fr\/index.php\/wp-json\/wp\/v2\/media?parent=2294"}],"wp:term":[{"taxonomy":"category","embeddable":true,"href":"https:\/\/thiers-sur-theve.fr\/index.php\/wp-json\/wp\/v2\/categories?post=2294"},{"taxonomy":"post_tag","embeddable":true,"href":"https:\/\/thiers-sur-theve.fr\/index.php\/wp-json\/wp\/v2\/tags?post=2294"}],"curies":[{"name":"wp","href":"https:\/\/api.w.org\/{rel}","templated":true}]}}