{"id":2437,"date":"2020-12-26T12:20:20","date_gmt":"2020-12-26T11:20:20","guid":{"rendered":"https:\/\/thiers-sur-theve.fr\/?p=2437"},"modified":"2020-12-26T12:20:21","modified_gmt":"2020-12-26T11:20:21","slug":"mise-a-jour-des-horaires-daccueil-de-la-mairie","status":"publish","type":"post","link":"https:\/\/thiers-sur-theve.fr\/index.php\/2020\/12\/26\/mise-a-jour-des-horaires-daccueil-de-la-mairie\/","title":{"rendered":"Mise \u00e0 jour des horaires d&rsquo;accueil de la mairie"},"content":{"rendered":"\n<p>Bonjour \u00e0 toutes et \u00e0 toutes,<\/p>\n\n\n\n<p>vous trouverez ci-dessous les horaires d&rsquo;ouverture de la mairie pour la p\u00e9riode du 28 d\u00e9cembre au 2 janvier.<\/p>\n\n\n\n<figure class=\"wp-block-image size-large\"><img loading=\"lazy\" decoding=\"async\" width=\"1024\" height=\"745\" src=\"https:\/\/thiers-sur-theve.fr\/wp-content\/uploads\/2020\/12\/horaire-mairie-1024x745.jpg\" alt=\"\" class=\"wp-image-2438\" srcset=\"https:\/\/thiers-sur-theve.fr\/wp-content\/uploads\/2020\/12\/horaire-mairie-1024x745.jpg 1024w, https:\/\/thiers-sur-theve.fr\/wp-content\/uploads\/2020\/12\/horaire-mairie-300x218.jpg 300w, https:\/\/thiers-sur-theve.fr\/wp-content\/uploads\/2020\/12\/horaire-mairie-768x559.jpg 768w, https:\/\/thiers-sur-theve.fr\/wp-content\/uploads\/2020\/12\/horaire-mairie.jpg 1057w\" sizes=\"auto, (max-width: 1024px) 100vw, 1024px\" \/><\/figure>\n\n\n\n<p><\/p>\n","protected":false},"excerpt":{"rendered":"<p>Bonjour \u00e0 toutes et \u00e0 toutes, vous trouverez ci-dessous les horaires d&rsquo;ouverture de la mairie pour la p\u00e9riode du 28 d\u00e9cembre au 2 janvier.<\/p>\n","protected":false},"author":2,"featured_media":611,"comment_status":"closed","ping_status":"open","sticky":false,"template":"","format":"standard","meta":{"footnotes":""},"categories":[16],"tags":[],"class_list":["post-2437","post","type-post","status-publish","format-standard","has-post-thumbnail","hentry","category-administratif"],"_links":{"self":[{"href":"https:\/\/thiers-sur-theve.fr\/index.php\/wp-json\/wp\/v2\/posts\/2437","targetHints":{"allow":["GET"]}}],"collection":[{"href":"https:\/\/thiers-sur-theve.fr\/index.php\/wp-json\/wp\/v2\/posts"}],"about":[{"href":"https:\/\/thiers-sur-theve.fr\/index.php\/wp-json\/wp\/v2\/types\/post"}],"author":[{"embeddable":true,"href":"https:\/\/thiers-sur-theve.fr\/index.php\/wp-json\/wp\/v2\/users\/2"}],"replies":[{"embeddable":true,"href":"https:\/\/thiers-sur-theve.fr\/index.php\/wp-json\/wp\/v2\/comments?post=2437"}],"version-history":[{"count":0,"href":"https:\/\/thiers-sur-theve.fr\/index.php\/wp-json\/wp\/v2\/posts\/2437\/revisions"}],"wp:featuredmedia":[{"embeddable":true,"href":"https:\/\/thiers-sur-theve.fr\/index.php\/wp-json\/wp\/v2\/media\/611"}],"wp:attachment":[{"href":"https:\/\/thiers-sur-theve.fr\/index.php\/wp-json\/wp\/v2\/media?parent=2437"}],"wp:term":[{"taxonomy":"category","embeddable":true,"href":"https:\/\/thiers-sur-theve.fr\/index.php\/wp-json\/wp\/v2\/categories?post=2437"},{"taxonomy":"post_tag","embeddable":true,"href":"https:\/\/thiers-sur-theve.fr\/index.php\/wp-json\/wp\/v2\/tags?post=2437"}],"curies":[{"name":"wp","href":"https:\/\/api.w.org\/{rel}","templated":true}]}}