{"id":2595,"date":"2021-05-19T16:27:41","date_gmt":"2021-05-19T14:27:41","guid":{"rendered":"https:\/\/thiers-sur-theve.fr\/?p=2595"},"modified":"2021-05-27T17:39:33","modified_gmt":"2021-05-27T15:39:33","slug":"collecteur-intercommunal-avancee-des-travaux-sicteub","status":"publish","type":"post","link":"https:\/\/thiers-sur-theve.fr\/index.php\/2021\/05\/19\/collecteur-intercommunal-avancee-des-travaux-sicteub\/","title":{"rendered":"Collecteur intercommunal d&rsquo;eaux us\u00e9es : avanc\u00e9e des travaux"},"content":{"rendered":"\n<p>Bonjour \u00e0 toutes et \u00e0 tous,<\/p>\n\n\n\n<p>vous trouverez ci-dessous un point d&rsquo;avancement des travaux de r\u00e9alisation du collecteur intercommunal d&rsquo;eaux us\u00e9es.<\/p>\n\n\n<a href=\"https:\/\/thiers-sur-theve.fr\/wp-content\/uploads\/2021\/05\/travaux_point_20210519_2.pdf\" class=\"pdfemb-viewer\" style=\"\" data-width=\"max\" data-height=\"max\" data-toolbar=\"both\" data-toolbar-fixed=\"on\">travaux_point_20210519_2<\/a>\n<p class=\"wp-block-pdfemb-pdf-embedder-viewer\"><\/p>\n\n\n\n<p>Pour le contexte, suivez ce lien : <\/p>\n\n\n\n<p><a href=\"https:\/\/www.sicteub.org\/actualites\/realisations-intercommunales\">https:\/\/www.sicteub.org\/actualites\/realisations-intercommunales<\/a><\/p>\n","protected":false},"excerpt":{"rendered":"<p>Bonjour \u00e0 toutes et \u00e0 tous, vous trouverez ci-dessous un point d&rsquo;avancement des travaux de r\u00e9alisation du collecteur intercommunal d&rsquo;eaux us\u00e9es. Pour le contexte, suivez ce lien : https:\/\/www.sicteub.org\/actualites\/realisations-intercommunales<\/p>\n","protected":false},"author":2,"featured_media":1712,"comment_status":"closed","ping_status":"open","sticky":false,"template":"","format":"standard","meta":{"footnotes":""},"categories":[4,22],"tags":[],"class_list":["post-2595","post","type-post","status-publish","format-standard","has-post-thumbnail","hentry","category-actualite","category-travaux"],"_links":{"self":[{"href":"https:\/\/thiers-sur-theve.fr\/index.php\/wp-json\/wp\/v2\/posts\/2595","targetHints":{"allow":["GET"]}}],"collection":[{"href":"https:\/\/thiers-sur-theve.fr\/index.php\/wp-json\/wp\/v2\/posts"}],"about":[{"href":"https:\/\/thiers-sur-theve.fr\/index.php\/wp-json\/wp\/v2\/types\/post"}],"author":[{"embeddable":true,"href":"https:\/\/thiers-sur-theve.fr\/index.php\/wp-json\/wp\/v2\/users\/2"}],"replies":[{"embeddable":true,"href":"https:\/\/thiers-sur-theve.fr\/index.php\/wp-json\/wp\/v2\/comments?post=2595"}],"version-history":[{"count":0,"href":"https:\/\/thiers-sur-theve.fr\/index.php\/wp-json\/wp\/v2\/posts\/2595\/revisions"}],"wp:featuredmedia":[{"embeddable":true,"href":"https:\/\/thiers-sur-theve.fr\/index.php\/wp-json\/wp\/v2\/media\/1712"}],"wp:attachment":[{"href":"https:\/\/thiers-sur-theve.fr\/index.php\/wp-json\/wp\/v2\/media?parent=2595"}],"wp:term":[{"taxonomy":"category","embeddable":true,"href":"https:\/\/thiers-sur-theve.fr\/index.php\/wp-json\/wp\/v2\/categories?post=2595"},{"taxonomy":"post_tag","embeddable":true,"href":"https:\/\/thiers-sur-theve.fr\/index.php\/wp-json\/wp\/v2\/tags?post=2595"}],"curies":[{"name":"wp","href":"https:\/\/api.w.org\/{rel}","templated":true}]}}