{"id":2608,"date":"2021-05-23T09:50:20","date_gmt":"2021-05-23T07:50:20","guid":{"rendered":"https:\/\/thiers-sur-theve.fr\/?p=2608"},"modified":"2021-05-27T17:39:02","modified_gmt":"2021-05-27T15:39:02","slug":"reduire-la-fracture-numerique-avec-espace-france-services-itinerant","status":"publish","type":"post","link":"https:\/\/thiers-sur-theve.fr\/index.php\/2021\/05\/23\/reduire-la-fracture-numerique-avec-espace-france-services-itinerant\/","title":{"rendered":"R\u00e9duire la fracture num\u00e9rique avec Espace France Services Itin\u00e9rant"},"content":{"rendered":"\n<p>Bonjour \u00e0 toutes et \u00e0 tous,<\/p>\n\n\n\n<p><br>A partir du mois de mai 2021, la Communaut\u00e9 de Communes Senlis Sud Oise (CCSSO) vous propose son relais itin\u00e9rant de services publics.<br>Il s\u2019agit d\u2019un v\u00e9hicule am\u00e9nag\u00e9 offrant un espace d\u2019accueil permettant aux habitants des 17 communes de la CCSSO d\u2019acc\u00e9der plus facilement aux services publics.<br>A bord, Marianne et F\u00e9licie, deux jeunes agentes qualifi\u00e9es et \u00e0 l\u2019\u00e9coute, vous accueilleront. Leurs objectifs principaux sont de :<\/p>\n\n\n\n<ul class=\"wp-block-list\"><li>vous informer et orienter, vous aider dans vos d\u00e9marches administratives : imp\u00f4ts, emploi, retraite, famille, social, sant\u00e9, logement, \u00e9nergie, justice, etc..<\/li><li>contribuer \u00e0 l\u2019inclusion num\u00e9rique : acc\u00e8s \u00e0 un poste informatique (aide \u00e0 la cr\u00e9ation d\u2019une adresse e-mail, impressions ou scans).<\/li><\/ul>\n\n\n\n<p>Les partenaires de l\u2019espace France Services sont :<\/p>\n\n\n\n<ul class=\"wp-block-list\"><li>les Minist\u00e8res de l\u2019Int\u00e9rieur (Agence nationale des titres s\u00e9curis\u00e9s ANTS), de la Justice et des Finances Publiques (DRFIP),<\/li><li>la Poste,<\/li><li>P\u00f4le Emploi,<\/li><li>la Caisse nationale d\u2019allocations familiales (CAF),<\/li><li>la Caisse nationale d\u2019assurance maladie des travailleurs salari\u00e9s (CPAM),<\/li><li>la Caisse d\u2019assurance retraite et sant\u00e9 au travail (CARSAT),<\/li><li>la Caisse centrale de la mutualit\u00e9 sociale agricole (MSA).<\/li><\/ul>\n\n\n\n<p>Vous trouverez ci-dessous le planning de juin.<\/p>\n\n\n\n<p>Le v\u00e9hicule sera pr\u00e9sent sur Thiers Sur Theve :<\/p>\n\n\n\n<ul class=\"wp-block-list\"><li>mardi 8 juin de 14H30 \u00e0 17H45<\/li><\/ul>\n\n\n\n<ul class=\"wp-block-list\"><li>mardi 22 juin de 14H30 \u00e0 17H45<\/li><\/ul>\n\n\n<a href=\"https:\/\/thiers-sur-theve.fr\/wp-content\/uploads\/2021\/05\/planning-06.2021.pdf\" class=\"pdfemb-viewer\" style=\"\" data-width=\"max\" data-height=\"max\" data-toolbar=\"both\" data-toolbar-fixed=\"on\">planning-06.2021<\/a>\n<p class=\"wp-block-pdfemb-pdf-embedder-viewer\"><\/p>\n\n\n\n<figure class=\"wp-block-image size-large\"><img loading=\"lazy\" decoding=\"async\" width=\"875\" height=\"413\" src=\"https:\/\/thiers-sur-theve.fr\/wp-content\/uploads\/2021\/05\/france-service.png\" alt=\"\" class=\"wp-image-2609\" srcset=\"https:\/\/thiers-sur-theve.fr\/wp-content\/uploads\/2021\/05\/france-service.png 875w, https:\/\/thiers-sur-theve.fr\/wp-content\/uploads\/2021\/05\/france-service-300x142.png 300w, https:\/\/thiers-sur-theve.fr\/wp-content\/uploads\/2021\/05\/france-service-768x362.png 768w\" sizes=\"auto, (max-width: 875px) 100vw, 875px\" \/><\/figure>\n","protected":false},"excerpt":{"rendered":"<p>Bonjour \u00e0 toutes et \u00e0 tous, A partir du mois de mai 2021, la Communaut\u00e9 de Communes Senlis Sud Oise (CCSSO) vous propose son relais itin\u00e9rant de services publics.Il s\u2019agit d\u2019un v\u00e9hicule am\u00e9nag\u00e9 offrant un espace d\u2019accueil permettant aux habitants des 17 communes de la CCSSO d\u2019acc\u00e9der plus facilement aux services publics.A bord, Marianne et [&hellip;]<\/p>\n","protected":false},"author":2,"featured_media":2609,"comment_status":"closed","ping_status":"open","sticky":false,"template":"","format":"standard","meta":{"footnotes":""},"categories":[4,21],"tags":[],"class_list":["post-2608","post","type-post","status-publish","format-standard","has-post-thumbnail","hentry","category-actualite","category-ccsso"],"_links":{"self":[{"href":"https:\/\/thiers-sur-theve.fr\/index.php\/wp-json\/wp\/v2\/posts\/2608","targetHints":{"allow":["GET"]}}],"collection":[{"href":"https:\/\/thiers-sur-theve.fr\/index.php\/wp-json\/wp\/v2\/posts"}],"about":[{"href":"https:\/\/thiers-sur-theve.fr\/index.php\/wp-json\/wp\/v2\/types\/post"}],"author":[{"embeddable":true,"href":"https:\/\/thiers-sur-theve.fr\/index.php\/wp-json\/wp\/v2\/users\/2"}],"replies":[{"embeddable":true,"href":"https:\/\/thiers-sur-theve.fr\/index.php\/wp-json\/wp\/v2\/comments?post=2608"}],"version-history":[{"count":0,"href":"https:\/\/thiers-sur-theve.fr\/index.php\/wp-json\/wp\/v2\/posts\/2608\/revisions"}],"wp:featuredmedia":[{"embeddable":true,"href":"https:\/\/thiers-sur-theve.fr\/index.php\/wp-json\/wp\/v2\/media\/2609"}],"wp:attachment":[{"href":"https:\/\/thiers-sur-theve.fr\/index.php\/wp-json\/wp\/v2\/media?parent=2608"}],"wp:term":[{"taxonomy":"category","embeddable":true,"href":"https:\/\/thiers-sur-theve.fr\/index.php\/wp-json\/wp\/v2\/categories?post=2608"},{"taxonomy":"post_tag","embeddable":true,"href":"https:\/\/thiers-sur-theve.fr\/index.php\/wp-json\/wp\/v2\/tags?post=2608"}],"curies":[{"name":"wp","href":"https:\/\/api.w.org\/{rel}","templated":true}]}}