{"id":2612,"date":"2021-05-27T17:16:07","date_gmt":"2021-05-27T15:16:07","guid":{"rendered":"https:\/\/thiers-sur-theve.fr\/?p=2612"},"modified":"2021-05-27T17:16:09","modified_gmt":"2021-05-27T15:16:09","slug":"modes-daccueil-des-jeunes-enfants-sur-notre-territoire","status":"publish","type":"post","link":"https:\/\/thiers-sur-theve.fr\/index.php\/2021\/05\/27\/modes-daccueil-des-jeunes-enfants-sur-notre-territoire\/","title":{"rendered":"Modes d&rsquo;Accueil des jeunes enfants sur notre territoire"},"content":{"rendered":"\n<p>Bonjour \u00e0 toutes et \u00e0 tous,<\/p>\n\n\n\n<p>La CCSSO et la ville de Senlis vous proposent un point d&rsquo;information le mardi 22 juin 2021 \u00e0 19H sur les modes d&rsquo;accueil des jeunes enfants disponibles sur notre territoire.<\/p>\n\n\n<a href=\"https:\/\/thiers-sur-theve.fr\/wp-content\/uploads\/2021\/05\/2229_001.pdf\" class=\"pdfemb-viewer\" style=\"\" data-width=\"max\" data-height=\"max\" data-toolbar=\"both\" data-toolbar-fixed=\"on\">2229_001<\/a>\n<p class=\"wp-block-pdfemb-pdf-embedder-viewer\"><\/p>\n","protected":false},"excerpt":{"rendered":"<p>Bonjour \u00e0 toutes et \u00e0 tous, La CCSSO et la ville de Senlis vous proposent un point d&rsquo;information le mardi 22 juin 2021 \u00e0 19H sur les modes d&rsquo;accueil des jeunes enfants disponibles sur notre territoire.<\/p>\n","protected":false},"author":2,"featured_media":2276,"comment_status":"closed","ping_status":"open","sticky":false,"template":"","format":"standard","meta":{"footnotes":""},"categories":[4,21],"tags":[],"class_list":["post-2612","post","type-post","status-publish","format-standard","has-post-thumbnail","hentry","category-actualite","category-ccsso"],"_links":{"self":[{"href":"https:\/\/thiers-sur-theve.fr\/index.php\/wp-json\/wp\/v2\/posts\/2612","targetHints":{"allow":["GET"]}}],"collection":[{"href":"https:\/\/thiers-sur-theve.fr\/index.php\/wp-json\/wp\/v2\/posts"}],"about":[{"href":"https:\/\/thiers-sur-theve.fr\/index.php\/wp-json\/wp\/v2\/types\/post"}],"author":[{"embeddable":true,"href":"https:\/\/thiers-sur-theve.fr\/index.php\/wp-json\/wp\/v2\/users\/2"}],"replies":[{"embeddable":true,"href":"https:\/\/thiers-sur-theve.fr\/index.php\/wp-json\/wp\/v2\/comments?post=2612"}],"version-history":[{"count":0,"href":"https:\/\/thiers-sur-theve.fr\/index.php\/wp-json\/wp\/v2\/posts\/2612\/revisions"}],"wp:featuredmedia":[{"embeddable":true,"href":"https:\/\/thiers-sur-theve.fr\/index.php\/wp-json\/wp\/v2\/media\/2276"}],"wp:attachment":[{"href":"https:\/\/thiers-sur-theve.fr\/index.php\/wp-json\/wp\/v2\/media?parent=2612"}],"wp:term":[{"taxonomy":"category","embeddable":true,"href":"https:\/\/thiers-sur-theve.fr\/index.php\/wp-json\/wp\/v2\/categories?post=2612"},{"taxonomy":"post_tag","embeddable":true,"href":"https:\/\/thiers-sur-theve.fr\/index.php\/wp-json\/wp\/v2\/tags?post=2612"}],"curies":[{"name":"wp","href":"https:\/\/api.w.org\/{rel}","templated":true}]}}