{"id":2614,"date":"2021-05-27T17:24:41","date_gmt":"2021-05-27T15:24:41","guid":{"rendered":"https:\/\/thiers-sur-theve.fr\/?p=2614"},"modified":"2021-05-27T17:45:19","modified_gmt":"2021-05-27T15:45:19","slug":"2614","status":"publish","type":"post","link":"https:\/\/thiers-sur-theve.fr\/index.php\/2021\/05\/27\/2614\/","title":{"rendered":"\u00ab\u00a0Job Truck : 5 minutes pour changer les portes de ton avenir\u00a0\u00bb"},"content":{"rendered":"\n<p>Bonjour \u00e0 toutes et \u00e0 tous,<\/p>\n\n\n\n<p>Vous trouverez ci-dessous une communication re\u00e7ue de CLEF JOB re\u00e7u ce mercredi 26 mai.<\/p>\n\n\n\n<p><\/p>\n\n\n\n<p><em>Madame, Monsieur,<\/em><\/p>\n\n\n\n<p><em>Afin de\u00a0<strong>d\u00e9tecter les jeunes NEET\u00a0<\/strong>(ni en emploi, ni en \u00e9tude, ni en formation) r\u00e9sidant sur votre territoire, CLEF JOB met en \u0153uvre un dispositif ayant pour principal objet d\u2019aller au-devant de ce public.<\/em><\/p>\n\n\n\n<p><em>Par mandat du Pr\u00e9fet de la r\u00e9gion Hauts-de-France, et par d\u00e9l\u00e9gation, la Directrice R\u00e9gionale des Entreprises, de la Concurrence, de la Consommation, du Travail et de l\u2019Emploi Hauts-de-France et dans le cadre du plan d\u2019investissement dans les comp\u00e9tences 2018-2022,\u00a0<strong>nous organisons une op\u00e9ration en 3 temps, du 12 mai au 30 juin 2021.<\/strong><\/em><\/p>\n\n\n\n<p><em>Sur votre secteur, le dispositif Job Truck sera pr\u00e9sent \u00e0\u00a0<strong>Senlis\u00a0<\/strong>le Jeudi 27 mai 2021\u00a0de 10 heures \u00e0 13 heures\u00a0et le mercredi 02 juin 2021\u00a0de 15h \u00e0 18 heures sur le\u00a0parking\u00a0du G\u00e9n\u00e9ral Leclerc.<\/em><\/p>\n\n\n\n<figure class=\"wp-block-image size-large\"><img loading=\"lazy\" decoding=\"async\" width=\"1024\" height=\"1024\" src=\"https:\/\/thiers-sur-theve.fr\/wp-content\/uploads\/2021\/05\/ClefJob-jobtruck-carre-copie-1024x1024.jpg\" alt=\"\" class=\"wp-image-2616\" srcset=\"https:\/\/thiers-sur-theve.fr\/wp-content\/uploads\/2021\/05\/ClefJob-jobtruck-carre-copie-1024x1024.jpg 1024w, https:\/\/thiers-sur-theve.fr\/wp-content\/uploads\/2021\/05\/ClefJob-jobtruck-carre-copie-300x300.jpg 300w, https:\/\/thiers-sur-theve.fr\/wp-content\/uploads\/2021\/05\/ClefJob-jobtruck-carre-copie-150x150.jpg 150w, https:\/\/thiers-sur-theve.fr\/wp-content\/uploads\/2021\/05\/ClefJob-jobtruck-carre-copie-768x768.jpg 768w, https:\/\/thiers-sur-theve.fr\/wp-content\/uploads\/2021\/05\/ClefJob-jobtruck-carre-copie.jpg 1080w\" sizes=\"auto, (max-width: 1024px) 100vw, 1024px\" \/><\/figure>\n\n\n<a href=\"https:\/\/thiers-sur-theve.fr\/wp-content\/uploads\/2021\/05\/job_truck-rotated-1.pdf\" class=\"pdfemb-viewer\" style=\"\" data-width=\"max\" data-height=\"max\" data-toolbar=\"both\" data-toolbar-fixed=\"on\">job_truck-rotated-1<\/a>\n<p class=\"wp-block-pdfemb-pdf-embedder-viewer\"><\/p>\n","protected":false},"excerpt":{"rendered":"<p>Bonjour \u00e0 toutes et \u00e0 tous, Vous trouverez ci-dessous une communication re\u00e7ue de CLEF JOB re\u00e7u ce mercredi 26 mai. Madame, Monsieur, Afin de\u00a0d\u00e9tecter les jeunes NEET\u00a0(ni en emploi, ni en \u00e9tude, ni en formation) r\u00e9sidant sur votre territoire, CLEF JOB met en \u0153uvre un dispositif ayant pour principal objet d\u2019aller au-devant de ce public. [&hellip;]<\/p>\n","protected":false},"author":2,"featured_media":2616,"comment_status":"closed","ping_status":"open","sticky":false,"template":"","format":"standard","meta":{"footnotes":""},"categories":[4,7],"tags":[],"class_list":["post-2614","post","type-post","status-publish","format-standard","has-post-thumbnail","hentry","category-actualite","category-communication-externe"],"_links":{"self":[{"href":"https:\/\/thiers-sur-theve.fr\/index.php\/wp-json\/wp\/v2\/posts\/2614","targetHints":{"allow":["GET"]}}],"collection":[{"href":"https:\/\/thiers-sur-theve.fr\/index.php\/wp-json\/wp\/v2\/posts"}],"about":[{"href":"https:\/\/thiers-sur-theve.fr\/index.php\/wp-json\/wp\/v2\/types\/post"}],"author":[{"embeddable":true,"href":"https:\/\/thiers-sur-theve.fr\/index.php\/wp-json\/wp\/v2\/users\/2"}],"replies":[{"embeddable":true,"href":"https:\/\/thiers-sur-theve.fr\/index.php\/wp-json\/wp\/v2\/comments?post=2614"}],"version-history":[{"count":0,"href":"https:\/\/thiers-sur-theve.fr\/index.php\/wp-json\/wp\/v2\/posts\/2614\/revisions"}],"wp:featuredmedia":[{"embeddable":true,"href":"https:\/\/thiers-sur-theve.fr\/index.php\/wp-json\/wp\/v2\/media\/2616"}],"wp:attachment":[{"href":"https:\/\/thiers-sur-theve.fr\/index.php\/wp-json\/wp\/v2\/media?parent=2614"}],"wp:term":[{"taxonomy":"category","embeddable":true,"href":"https:\/\/thiers-sur-theve.fr\/index.php\/wp-json\/wp\/v2\/categories?post=2614"},{"taxonomy":"post_tag","embeddable":true,"href":"https:\/\/thiers-sur-theve.fr\/index.php\/wp-json\/wp\/v2\/tags?post=2614"}],"curies":[{"name":"wp","href":"https:\/\/api.w.org\/{rel}","templated":true}]}}