{"id":2634,"date":"2021-05-29T09:50:58","date_gmt":"2021-05-29T07:50:58","guid":{"rendered":"https:\/\/thiers-sur-theve.fr\/?p=2634"},"modified":"2021-05-29T09:51:00","modified_gmt":"2021-05-29T07:51:00","slug":"incident-au-18-rue-aveline","status":"publish","type":"post","link":"https:\/\/thiers-sur-theve.fr\/index.php\/2021\/05\/29\/incident-au-18-rue-aveline\/","title":{"rendered":"Incident au 18 rue Aveline"},"content":{"rendered":"\n<p><\/p>\n\n\n\n<p>Suite \u00e0 l\u2019effondrement de la toiture de la grange, entra\u00eenant la fragilit\u00e9 du b\u00e2timent, situ\u00e9e au 18 rue Aveline le vendredi 28 mai 2021 \u00e0 15h00, un p\u00e9rim\u00e8tre de s\u00e9curit\u00e9 a \u00e9t\u00e9 mis en place par les agents municipaux, accompagn\u00e9 d\u2019une interdiction de circulation aux pi\u00e9tons et aux v\u00e9hicules.<\/p>\n\n\n\n<p>Nous avons fait appel aux pompiers et \u00e0 la gendarmerie, afin de d\u00e9terminer les risques imm\u00e9diats pour les voisins et la population. Ces derniers, pour des raisons de s\u00e9curit\u00e9 ont confirm\u00e9 l\u2019interdiction de circulation aux abords du b\u00e2timent.<\/p>\n\n\n\n<p>Une proc\u00e9dure de p\u00e9ril imminent (art. L 511-3 du Code de la Construction et de l\u2019Habitation) avait \u00e9t\u00e9 diligent\u00e9e aupr\u00e8s du Tribunal d\u2019Amiens le jeudi 27 mai 2021, afin de solliciter une expertise du b\u00e2timent dans les plus brefs d\u00e9lais.<\/p>\n\n\n\n<p>L\u2019expertise doit se tenir le lundi 31 mai 2021.<\/p>\n\n\n\n<p>Un arr\u00eat\u00e9 interviendra dans les prochaines heures r\u00e9glementant l\u2019interdiction de circulation sur la portion concern\u00e9e de la rue Aveline.<\/p>\n","protected":false},"excerpt":{"rendered":"<p>Suite \u00e0 l\u2019effondrement de la toiture de la grange, entra\u00eenant la fragilit\u00e9 du b\u00e2timent, situ\u00e9e au 18 rue Aveline le vendredi 28 mai 2021 \u00e0 15h00, un p\u00e9rim\u00e8tre de s\u00e9curit\u00e9 a \u00e9t\u00e9 mis en place par les agents municipaux, accompagn\u00e9 d\u2019une interdiction de circulation aux pi\u00e9tons et aux v\u00e9hicules. Nous avons fait appel aux pompiers [&hellip;]<\/p>\n","protected":false},"author":2,"featured_media":2635,"comment_status":"closed","ping_status":"open","sticky":false,"template":"","format":"standard","meta":{"footnotes":""},"categories":[4,22],"tags":[],"class_list":["post-2634","post","type-post","status-publish","format-standard","has-post-thumbnail","hentry","category-actualite","category-travaux"],"_links":{"self":[{"href":"https:\/\/thiers-sur-theve.fr\/index.php\/wp-json\/wp\/v2\/posts\/2634","targetHints":{"allow":["GET"]}}],"collection":[{"href":"https:\/\/thiers-sur-theve.fr\/index.php\/wp-json\/wp\/v2\/posts"}],"about":[{"href":"https:\/\/thiers-sur-theve.fr\/index.php\/wp-json\/wp\/v2\/types\/post"}],"author":[{"embeddable":true,"href":"https:\/\/thiers-sur-theve.fr\/index.php\/wp-json\/wp\/v2\/users\/2"}],"replies":[{"embeddable":true,"href":"https:\/\/thiers-sur-theve.fr\/index.php\/wp-json\/wp\/v2\/comments?post=2634"}],"version-history":[{"count":0,"href":"https:\/\/thiers-sur-theve.fr\/index.php\/wp-json\/wp\/v2\/posts\/2634\/revisions"}],"wp:featuredmedia":[{"embeddable":true,"href":"https:\/\/thiers-sur-theve.fr\/index.php\/wp-json\/wp\/v2\/media\/2635"}],"wp:attachment":[{"href":"https:\/\/thiers-sur-theve.fr\/index.php\/wp-json\/wp\/v2\/media?parent=2634"}],"wp:term":[{"taxonomy":"category","embeddable":true,"href":"https:\/\/thiers-sur-theve.fr\/index.php\/wp-json\/wp\/v2\/categories?post=2634"},{"taxonomy":"post_tag","embeddable":true,"href":"https:\/\/thiers-sur-theve.fr\/index.php\/wp-json\/wp\/v2\/tags?post=2634"}],"curies":[{"name":"wp","href":"https:\/\/api.w.org\/{rel}","templated":true}]}}