{"id":2684,"date":"2021-07-19T21:31:00","date_gmt":"2021-07-19T19:31:00","guid":{"rendered":"https:\/\/thiers-sur-theve.fr\/?p=2684"},"modified":"2021-07-25T00:15:34","modified_gmt":"2021-07-24T22:15:34","slug":"une-belle-reussite-pour-cette-premiere-nuit-de-la-peur-du-17-juillet","status":"publish","type":"post","link":"https:\/\/thiers-sur-theve.fr\/index.php\/2021\/07\/19\/une-belle-reussite-pour-cette-premiere-nuit-de-la-peur-du-17-juillet\/","title":{"rendered":"Une belle r\u00e9ussite pour cette premi\u00e8re Nuit de la peur du 17 juillet"},"content":{"rendered":"\n<p>Bonsoir \u00e0 toutes et \u00e0 tous,<\/p>\n\n\n\n<p>petite photo souvenir de la soir\u00e9e de la peur, organis\u00e9e samedi 17 juillet.<\/p>\n\n\n\n<p>Vous avez \u00e9t\u00e9 une cinquantaine \u00e0 rejoindre l&rsquo;association \u00ab\u00a0Thiers sur Th\u00e8ve en f\u00eate\u00a0\u00bb dans le parc de la mairie pour \u00e9couter les contes, et partager de bons moments autour d&rsquo;une partie de Loup Garou jusque tard dans la nuit.Des rumeurs circulent m\u00eame sur des parties qui se sont poursuivies le lendemain <img loading=\"lazy\" decoding=\"async\" height=\"16\" width=\"16\" alt=\"\ud83d\ude09\" src=\"https:\/\/static.xx.fbcdn.net\/images\/emoji.php\/v9\/t57\/1\/16\/1f609.png\"><\/p>\n\n\n\n<p>Merci \u00e0 tous de votre pr\u00e9sence, ainsi qu&rsquo;a l&rsquo;association pour cette organisation sans faille.<\/p>\n\n\n\n<figure class=\"wp-block-image size-large\"><img loading=\"lazy\" decoding=\"async\" width=\"1024\" height=\"768\" src=\"https:\/\/thiers-sur-theve.fr\/wp-content\/uploads\/2021\/07\/IMG_20210717_212400-1024x768.jpg\" alt=\"\" class=\"wp-image-2685\" srcset=\"https:\/\/thiers-sur-theve.fr\/wp-content\/uploads\/2021\/07\/IMG_20210717_212400-1024x768.jpg 1024w, https:\/\/thiers-sur-theve.fr\/wp-content\/uploads\/2021\/07\/IMG_20210717_212400-300x225.jpg 300w, https:\/\/thiers-sur-theve.fr\/wp-content\/uploads\/2021\/07\/IMG_20210717_212400-768x576.jpg 768w, https:\/\/thiers-sur-theve.fr\/wp-content\/uploads\/2021\/07\/IMG_20210717_212400-1536x1152.jpg 1536w, https:\/\/thiers-sur-theve.fr\/wp-content\/uploads\/2021\/07\/IMG_20210717_212400-2048x1536.jpg 2048w\" sizes=\"auto, (max-width: 1024px) 100vw, 1024px\" \/><\/figure>\n","protected":false},"excerpt":{"rendered":"<p>Bonsoir \u00e0 toutes et \u00e0 tous, petite photo souvenir de la soir\u00e9e de la peur, organis\u00e9e samedi 17 juillet. Vous avez \u00e9t\u00e9 une cinquantaine \u00e0 rejoindre l&rsquo;association \u00ab\u00a0Thiers sur Th\u00e8ve en f\u00eate\u00a0\u00bb dans le parc de la mairie pour \u00e9couter les contes, et partager de bons moments autour d&rsquo;une partie de Loup Garou jusque tard [&hellip;]<\/p>\n","protected":false},"author":2,"featured_media":2685,"comment_status":"closed","ping_status":"open","sticky":false,"template":"","format":"standard","meta":{"footnotes":""},"categories":[4,18,23],"tags":[],"class_list":["post-2684","post","type-post","status-publish","format-standard","has-post-thumbnail","hentry","category-actualite","category-associations","category-festivite"],"_links":{"self":[{"href":"https:\/\/thiers-sur-theve.fr\/index.php\/wp-json\/wp\/v2\/posts\/2684","targetHints":{"allow":["GET"]}}],"collection":[{"href":"https:\/\/thiers-sur-theve.fr\/index.php\/wp-json\/wp\/v2\/posts"}],"about":[{"href":"https:\/\/thiers-sur-theve.fr\/index.php\/wp-json\/wp\/v2\/types\/post"}],"author":[{"embeddable":true,"href":"https:\/\/thiers-sur-theve.fr\/index.php\/wp-json\/wp\/v2\/users\/2"}],"replies":[{"embeddable":true,"href":"https:\/\/thiers-sur-theve.fr\/index.php\/wp-json\/wp\/v2\/comments?post=2684"}],"version-history":[{"count":0,"href":"https:\/\/thiers-sur-theve.fr\/index.php\/wp-json\/wp\/v2\/posts\/2684\/revisions"}],"wp:featuredmedia":[{"embeddable":true,"href":"https:\/\/thiers-sur-theve.fr\/index.php\/wp-json\/wp\/v2\/media\/2685"}],"wp:attachment":[{"href":"https:\/\/thiers-sur-theve.fr\/index.php\/wp-json\/wp\/v2\/media?parent=2684"}],"wp:term":[{"taxonomy":"category","embeddable":true,"href":"https:\/\/thiers-sur-theve.fr\/index.php\/wp-json\/wp\/v2\/categories?post=2684"},{"taxonomy":"post_tag","embeddable":true,"href":"https:\/\/thiers-sur-theve.fr\/index.php\/wp-json\/wp\/v2\/tags?post=2684"}],"curies":[{"name":"wp","href":"https:\/\/api.w.org\/{rel}","templated":true}]}}