{"id":2794,"date":"2021-10-02T15:40:33","date_gmt":"2021-10-02T13:40:33","guid":{"rendered":"https:\/\/thiers-sur-theve.fr\/?p=2794"},"modified":"2021-10-02T15:40:35","modified_gmt":"2021-10-02T13:40:35","slug":"pomme-pomme-pomme-pommeeee","status":"publish","type":"post","link":"https:\/\/thiers-sur-theve.fr\/index.php\/2021\/10\/02\/pomme-pomme-pomme-pommeeee\/","title":{"rendered":"Pomme pomme pomme pommeeee"},"content":{"rendered":"\n<p>&#8230; comme disait Beethoven\u00a0 en introduction de sa 5\u00e8me Symphonie.<\/p>\n\n\n\n<div class=\"wp-block-image\"><figure class=\"aligncenter size-large\"><img loading=\"lazy\" decoding=\"async\" width=\"464\" height=\"221\" src=\"https:\/\/thiers-sur-theve.fr\/wp-content\/uploads\/2021\/10\/pompompompom.jpg\" alt=\"\" class=\"wp-image-2796\" srcset=\"https:\/\/thiers-sur-theve.fr\/wp-content\/uploads\/2021\/10\/pompompompom.jpg 464w, https:\/\/thiers-sur-theve.fr\/wp-content\/uploads\/2021\/10\/pompompompom-300x143.jpg 300w\" sizes=\"auto, (max-width: 464px) 100vw, 464px\" \/><\/figure><\/div>\n\n\n\n<p>Vous trouverez ci-dessous l&rsquo;invitation pour la f\u00eate de la pomme organis\u00e9e par l&rsquo;association Thiers-sur-Theve en F\u00eate, qui aura lieu le dimanche 10 octobre.<\/p>\n\n\n\n<figure class=\"wp-block-image size-large\"><img loading=\"lazy\" decoding=\"async\" width=\"791\" height=\"1024\" src=\"https:\/\/thiers-sur-theve.fr\/wp-content\/uploads\/2021\/10\/pdf2-1-1-791x1024.jpg\" alt=\"\" class=\"wp-image-2795\" srcset=\"https:\/\/thiers-sur-theve.fr\/wp-content\/uploads\/2021\/10\/pdf2-1-1-791x1024.jpg 791w, https:\/\/thiers-sur-theve.fr\/wp-content\/uploads\/2021\/10\/pdf2-1-1-232x300.jpg 232w, https:\/\/thiers-sur-theve.fr\/wp-content\/uploads\/2021\/10\/pdf2-1-1-768x994.jpg 768w, https:\/\/thiers-sur-theve.fr\/wp-content\/uploads\/2021\/10\/pdf2-1-1-1187x1536.jpg 1187w, https:\/\/thiers-sur-theve.fr\/wp-content\/uploads\/2021\/10\/pdf2-1-1-1583x2048.jpg 1583w, https:\/\/thiers-sur-theve.fr\/wp-content\/uploads\/2021\/10\/pdf2-1-1.jpg 1700w\" sizes=\"auto, (max-width: 791px) 100vw, 791px\" \/><\/figure>\n","protected":false},"excerpt":{"rendered":"<p>&#8230; comme disait Beethoven\u00a0 en introduction de sa 5\u00e8me Symphonie. Vous trouverez ci-dessous l&rsquo;invitation pour la f\u00eate de la pomme organis\u00e9e par l&rsquo;association Thiers-sur-Theve en F\u00eate, qui aura lieu le dimanche 10 octobre.<\/p>\n","protected":false},"author":2,"featured_media":2795,"comment_status":"closed","ping_status":"open","sticky":false,"template":"","format":"standard","meta":{"footnotes":""},"categories":[4,18,23],"tags":[],"class_list":["post-2794","post","type-post","status-publish","format-standard","has-post-thumbnail","hentry","category-actualite","category-associations","category-festivite"],"_links":{"self":[{"href":"https:\/\/thiers-sur-theve.fr\/index.php\/wp-json\/wp\/v2\/posts\/2794","targetHints":{"allow":["GET"]}}],"collection":[{"href":"https:\/\/thiers-sur-theve.fr\/index.php\/wp-json\/wp\/v2\/posts"}],"about":[{"href":"https:\/\/thiers-sur-theve.fr\/index.php\/wp-json\/wp\/v2\/types\/post"}],"author":[{"embeddable":true,"href":"https:\/\/thiers-sur-theve.fr\/index.php\/wp-json\/wp\/v2\/users\/2"}],"replies":[{"embeddable":true,"href":"https:\/\/thiers-sur-theve.fr\/index.php\/wp-json\/wp\/v2\/comments?post=2794"}],"version-history":[{"count":0,"href":"https:\/\/thiers-sur-theve.fr\/index.php\/wp-json\/wp\/v2\/posts\/2794\/revisions"}],"wp:featuredmedia":[{"embeddable":true,"href":"https:\/\/thiers-sur-theve.fr\/index.php\/wp-json\/wp\/v2\/media\/2795"}],"wp:attachment":[{"href":"https:\/\/thiers-sur-theve.fr\/index.php\/wp-json\/wp\/v2\/media?parent=2794"}],"wp:term":[{"taxonomy":"category","embeddable":true,"href":"https:\/\/thiers-sur-theve.fr\/index.php\/wp-json\/wp\/v2\/categories?post=2794"},{"taxonomy":"post_tag","embeddable":true,"href":"https:\/\/thiers-sur-theve.fr\/index.php\/wp-json\/wp\/v2\/tags?post=2794"}],"curies":[{"name":"wp","href":"https:\/\/api.w.org\/{rel}","templated":true}]}}