{"id":2805,"date":"2021-11-09T17:31:29","date_gmt":"2021-11-09T16:31:29","guid":{"rendered":"https:\/\/thiers-sur-theve.fr\/?p=2805"},"modified":"2021-11-09T17:31:30","modified_gmt":"2021-11-09T16:31:30","slug":"annulation-des-foulees-thieroises-2021","status":"publish","type":"post","link":"https:\/\/thiers-sur-theve.fr\/index.php\/2021\/11\/09\/annulation-des-foulees-thieroises-2021\/","title":{"rendered":"Annulation des foul\u00e9es thieroises 2021"},"content":{"rendered":"\n<p>Bonjour \u00e0 toutes et \u00e0 tous, <\/p>\n\n\n\n<p>vous trouverez ci-dessous une communication de l&rsquo;association ES Thiers Course \u00e0 pieds :<\/p>\n\n\n\n<blockquote class=\"wp-block-quote is-layout-flow wp-block-quote-is-layout-flow\"><p><\/p><cite>L\u2019association EST &#8211; course \u00e0 Pied\u00a0a le regret de vous annoncer, que malheureusement compte tenu du contexte sanitaire li\u00e9 au COVID 19, les foul\u00e9es Thi\u00e9roises du 11 Novembre 2021 n\u2019auront pas lieu.<br>\u00a0<br>Les contraintes sanitaires et r\u00e9glementaires n\u00e9cessaires pour pr\u00e9server la sant\u00e9 de tous les participants et b\u00e9n\u00e9voles, ainsi que les incertitudes, restent en effet trop importantes pour une petite structure comme la n\u00f4tre.<br>\u00a0<br>Merci aux participants habituels qui au travers des attentes exprim\u00e9es ont manifest\u00e9 une marque d\u2019attachement que nous appr\u00e9cions.<br>\u00a0<br>Merci aux b\u00e9n\u00e9voles qui spontan\u00e9ment se sont port\u00e9s volontaires au cas o\u00f9.<br>\u00a0<br>Sportivement votre<br>Le pr\u00e9sident de l\u2019EST &#8211; course \u00e0 Pied\u00a0<br><img decoding=\"async\" src=\"https:\/\/mail.google.com\/mail\/u\/0?ui=2&amp;ik=d3641cff5c&amp;attid=0.1&amp;permmsgid=msg-f:1715968428372925129&amp;th=17d05831aaf41ac9&amp;view=fimg&amp;fur=ip&amp;sz=s0-l75-ft&amp;attbid=ANGjdJ9ORisec0CjfpGl9whfAM6hbz95UbJ-lkgOtvDbwSSNjCE4E7xnL76USQ9IOnhm-JCkSGViPCkg2n3NHpLxxqyf8AOiJ4kUYBAVs1oyJJ7v6JjvcfNzaS9NCNI&amp;disp=emb\"><\/cite><\/blockquote>\n","protected":false},"excerpt":{"rendered":"<p>Bonjour \u00e0 toutes et \u00e0 tous, vous trouverez ci-dessous une communication de l&rsquo;association ES Thiers Course \u00e0 pieds : L\u2019association EST &#8211; course \u00e0 Pied\u00a0a le regret de vous annoncer, que malheureusement compte tenu du contexte sanitaire li\u00e9 au COVID 19, les foul\u00e9es Thi\u00e9roises du 11 Novembre 2021 n\u2019auront pas lieu.\u00a0Les contraintes sanitaires et r\u00e9glementaires [&hellip;]<\/p>\n","protected":false},"author":2,"featured_media":554,"comment_status":"closed","ping_status":"open","sticky":false,"template":"","format":"standard","meta":{"footnotes":""},"categories":[4,18],"tags":[],"class_list":["post-2805","post","type-post","status-publish","format-standard","has-post-thumbnail","hentry","category-actualite","category-associations"],"_links":{"self":[{"href":"https:\/\/thiers-sur-theve.fr\/index.php\/wp-json\/wp\/v2\/posts\/2805","targetHints":{"allow":["GET"]}}],"collection":[{"href":"https:\/\/thiers-sur-theve.fr\/index.php\/wp-json\/wp\/v2\/posts"}],"about":[{"href":"https:\/\/thiers-sur-theve.fr\/index.php\/wp-json\/wp\/v2\/types\/post"}],"author":[{"embeddable":true,"href":"https:\/\/thiers-sur-theve.fr\/index.php\/wp-json\/wp\/v2\/users\/2"}],"replies":[{"embeddable":true,"href":"https:\/\/thiers-sur-theve.fr\/index.php\/wp-json\/wp\/v2\/comments?post=2805"}],"version-history":[{"count":0,"href":"https:\/\/thiers-sur-theve.fr\/index.php\/wp-json\/wp\/v2\/posts\/2805\/revisions"}],"wp:featuredmedia":[{"embeddable":true,"href":"https:\/\/thiers-sur-theve.fr\/index.php\/wp-json\/wp\/v2\/media\/554"}],"wp:attachment":[{"href":"https:\/\/thiers-sur-theve.fr\/index.php\/wp-json\/wp\/v2\/media?parent=2805"}],"wp:term":[{"taxonomy":"category","embeddable":true,"href":"https:\/\/thiers-sur-theve.fr\/index.php\/wp-json\/wp\/v2\/categories?post=2805"},{"taxonomy":"post_tag","embeddable":true,"href":"https:\/\/thiers-sur-theve.fr\/index.php\/wp-json\/wp\/v2\/tags?post=2805"}],"curies":[{"name":"wp","href":"https:\/\/api.w.org\/{rel}","templated":true}]}}