{"id":2808,"date":"2021-11-07T17:38:00","date_gmt":"2021-11-07T16:38:00","guid":{"rendered":"https:\/\/thiers-sur-theve.fr\/?p=2808"},"modified":"2021-11-10T16:59:39","modified_gmt":"2021-11-10T15:59:39","slug":"ordre-du-jour-du-conseil-municipal-du-10-novembre-2021","status":"publish","type":"post","link":"https:\/\/thiers-sur-theve.fr\/index.php\/2021\/11\/07\/ordre-du-jour-du-conseil-municipal-du-10-novembre-2021\/","title":{"rendered":"[report\u00e9 au 18\/11] Ordre du jour du conseil municipal du 10 novembre 2021"},"content":{"rendered":"\n<p><strong>Suite \u00e0 un probl\u00e8me technique, le conseil municipal est d\u00e9cal\u00e9 au 18 novembre 19H.<\/strong><\/p>\n\n\n\n<p><\/p>\n\n\n\n<p>Bonjour \u00e0 toutes et \u00e0 tous,<\/p>\n\n\n\n<p>vous trouverez ci-dessous l&rsquo;ordre du jour du prochain conseil municipal.<\/p>\n\n\n\n<figure class=\"wp-block-image size-large\"><img loading=\"lazy\" decoding=\"async\" width=\"725\" height=\"1024\" src=\"https:\/\/thiers-sur-theve.fr\/wp-content\/uploads\/2021\/11\/253771557_453597466189813_1390453081382470585_n-725x1024.jpg\" alt=\"\" class=\"wp-image-2809\" srcset=\"https:\/\/thiers-sur-theve.fr\/wp-content\/uploads\/2021\/11\/253771557_453597466189813_1390453081382470585_n-725x1024.jpg 725w, https:\/\/thiers-sur-theve.fr\/wp-content\/uploads\/2021\/11\/253771557_453597466189813_1390453081382470585_n-212x300.jpg 212w, https:\/\/thiers-sur-theve.fr\/wp-content\/uploads\/2021\/11\/253771557_453597466189813_1390453081382470585_n-768x1085.jpg 768w, https:\/\/thiers-sur-theve.fr\/wp-content\/uploads\/2021\/11\/253771557_453597466189813_1390453081382470585_n-1087x1536.jpg 1087w, https:\/\/thiers-sur-theve.fr\/wp-content\/uploads\/2021\/11\/253771557_453597466189813_1390453081382470585_n.jpg 1449w\" sizes=\"auto, (max-width: 725px) 100vw, 725px\" \/><\/figure>\n","protected":false},"excerpt":{"rendered":"<p>Suite \u00e0 un probl\u00e8me technique, le conseil municipal est d\u00e9cal\u00e9 au 18 novembre 19H. Bonjour \u00e0 toutes et \u00e0 tous, vous trouverez ci-dessous l&rsquo;ordre du jour du prochain conseil municipal.<\/p>\n","protected":false},"author":2,"featured_media":1388,"comment_status":"closed","ping_status":"open","sticky":false,"template":"","format":"standard","meta":{"footnotes":""},"categories":[6],"tags":[],"class_list":["post-2808","post","type-post","status-publish","format-standard","has-post-thumbnail","hentry","category-conseil-municipal"],"_links":{"self":[{"href":"https:\/\/thiers-sur-theve.fr\/index.php\/wp-json\/wp\/v2\/posts\/2808","targetHints":{"allow":["GET"]}}],"collection":[{"href":"https:\/\/thiers-sur-theve.fr\/index.php\/wp-json\/wp\/v2\/posts"}],"about":[{"href":"https:\/\/thiers-sur-theve.fr\/index.php\/wp-json\/wp\/v2\/types\/post"}],"author":[{"embeddable":true,"href":"https:\/\/thiers-sur-theve.fr\/index.php\/wp-json\/wp\/v2\/users\/2"}],"replies":[{"embeddable":true,"href":"https:\/\/thiers-sur-theve.fr\/index.php\/wp-json\/wp\/v2\/comments?post=2808"}],"version-history":[{"count":0,"href":"https:\/\/thiers-sur-theve.fr\/index.php\/wp-json\/wp\/v2\/posts\/2808\/revisions"}],"wp:featuredmedia":[{"embeddable":true,"href":"https:\/\/thiers-sur-theve.fr\/index.php\/wp-json\/wp\/v2\/media\/1388"}],"wp:attachment":[{"href":"https:\/\/thiers-sur-theve.fr\/index.php\/wp-json\/wp\/v2\/media?parent=2808"}],"wp:term":[{"taxonomy":"category","embeddable":true,"href":"https:\/\/thiers-sur-theve.fr\/index.php\/wp-json\/wp\/v2\/categories?post=2808"},{"taxonomy":"post_tag","embeddable":true,"href":"https:\/\/thiers-sur-theve.fr\/index.php\/wp-json\/wp\/v2\/tags?post=2808"}],"curies":[{"name":"wp","href":"https:\/\/api.w.org\/{rel}","templated":true}]}}