{"id":2834,"date":"2021-12-03T13:01:42","date_gmt":"2021-12-03T12:01:42","guid":{"rendered":"https:\/\/thiers-sur-theve.fr\/?p=2834"},"modified":"2021-12-03T13:12:18","modified_gmt":"2021-12-03T12:12:18","slug":"fermeture-de-la-rd607-du-6-au-17-decembre","status":"publish","type":"post","link":"https:\/\/thiers-sur-theve.fr\/index.php\/2021\/12\/03\/fermeture-de-la-rd607-du-6-au-17-decembre\/","title":{"rendered":"Fermeture de la RD607 du 6 au 17 d\u00e9cembre"},"content":{"rendered":"\n<p>Bonjour \u00e0 toutes et \u00e0 tous,<\/p>\n\n\n\n<p>En raison de l&rsquo;abattage d&rsquo;arbres dangereux entre Thiers Sur Th\u00e8ve et Mortefontaine (hameau du Neufmoulin, Plailly), la d\u00e9partementale entre Pontarme et Mortefontaine sera ferm\u00e9e de 9H \u00e0 15H tous les jours du 6 d\u00e9cembre au 17 d\u00e9cembre inclus.<\/p>\n\n\n\n<p><strong>La circulation est donc interrompue sur cette p\u00e9riode sauf services de secours et riverains.<\/strong><\/p>\n\n\n\n<p>Deux itin\u00e9raires de d\u00e9viation sont mis en place.<\/p>\n\n\n\n<p>Vous trouverez les d\u00e9tails dans l&rsquo;arr\u00eat\u00e9 d\u00e9partemental ci-joint, ainsi qu&rsquo;une vue de la section concern\u00e9e.<\/p>\n\n\n<a href=\"https:\/\/thiers-sur-theve.fr\/wp-content\/uploads\/2021\/12\/Arete-deviation-RD607-Plailly-Abattage-arbres-du-6-au-17-12.pdf\" class=\"pdfemb-viewer\" style=\"\" data-width=\"max\" data-height=\"max\" data-toolbar=\"both\" data-toolbar-fixed=\"on\">Arete-deviation-RD607-Plailly-Abattage-arbres-du-6-au-17-12<\/a>\n<p class=\"wp-block-pdfemb-pdf-embedder-viewer\"><\/p>\n\n\n\n<figure class=\"wp-block-image size-large\"><img loading=\"lazy\" decoding=\"async\" width=\"1024\" height=\"754\" src=\"https:\/\/thiers-sur-theve.fr\/wp-content\/uploads\/2021\/12\/RD607-1024x754.jpg\" alt=\"\" class=\"wp-image-2842\" srcset=\"https:\/\/thiers-sur-theve.fr\/wp-content\/uploads\/2021\/12\/RD607-1024x754.jpg 1024w, https:\/\/thiers-sur-theve.fr\/wp-content\/uploads\/2021\/12\/RD607-300x221.jpg 300w, https:\/\/thiers-sur-theve.fr\/wp-content\/uploads\/2021\/12\/RD607-768x565.jpg 768w, https:\/\/thiers-sur-theve.fr\/wp-content\/uploads\/2021\/12\/RD607.jpg 1394w\" sizes=\"auto, (max-width: 1024px) 100vw, 1024px\" \/><\/figure>\n","protected":false},"excerpt":{"rendered":"<p>Bonjour \u00e0 toutes et \u00e0 tous, En raison de l&rsquo;abattage d&rsquo;arbres dangereux entre Thiers Sur Th\u00e8ve et Mortefontaine (hameau du Neufmoulin, Plailly), la d\u00e9partementale entre Pontarme et Mortefontaine sera ferm\u00e9e de 9H \u00e0 15H tous les jours du 6 d\u00e9cembre au 17 d\u00e9cembre inclus. La circulation est donc interrompue sur cette p\u00e9riode sauf services de [&hellip;]<\/p>\n","protected":false},"author":2,"featured_media":1712,"comment_status":"closed","ping_status":"open","sticky":false,"template":"","format":"standard","meta":{"footnotes":""},"categories":[22],"tags":[],"class_list":["post-2834","post","type-post","status-publish","format-standard","has-post-thumbnail","hentry","category-travaux"],"_links":{"self":[{"href":"https:\/\/thiers-sur-theve.fr\/index.php\/wp-json\/wp\/v2\/posts\/2834","targetHints":{"allow":["GET"]}}],"collection":[{"href":"https:\/\/thiers-sur-theve.fr\/index.php\/wp-json\/wp\/v2\/posts"}],"about":[{"href":"https:\/\/thiers-sur-theve.fr\/index.php\/wp-json\/wp\/v2\/types\/post"}],"author":[{"embeddable":true,"href":"https:\/\/thiers-sur-theve.fr\/index.php\/wp-json\/wp\/v2\/users\/2"}],"replies":[{"embeddable":true,"href":"https:\/\/thiers-sur-theve.fr\/index.php\/wp-json\/wp\/v2\/comments?post=2834"}],"version-history":[{"count":0,"href":"https:\/\/thiers-sur-theve.fr\/index.php\/wp-json\/wp\/v2\/posts\/2834\/revisions"}],"wp:featuredmedia":[{"embeddable":true,"href":"https:\/\/thiers-sur-theve.fr\/index.php\/wp-json\/wp\/v2\/media\/1712"}],"wp:attachment":[{"href":"https:\/\/thiers-sur-theve.fr\/index.php\/wp-json\/wp\/v2\/media?parent=2834"}],"wp:term":[{"taxonomy":"category","embeddable":true,"href":"https:\/\/thiers-sur-theve.fr\/index.php\/wp-json\/wp\/v2\/categories?post=2834"},{"taxonomy":"post_tag","embeddable":true,"href":"https:\/\/thiers-sur-theve.fr\/index.php\/wp-json\/wp\/v2\/tags?post=2834"}],"curies":[{"name":"wp","href":"https:\/\/api.w.org\/{rel}","templated":true}]}}