{"id":3391,"date":"2023-06-21T13:39:26","date_gmt":"2023-06-21T11:39:26","guid":{"rendered":"https:\/\/thiers-sur-theve.fr\/?p=3391"},"modified":"2023-06-21T13:39:26","modified_gmt":"2023-06-21T11:39:26","slug":"nouvelle-tarification-reseau-mouvoise","status":"publish","type":"post","link":"https:\/\/thiers-sur-theve.fr\/index.php\/2023\/06\/21\/nouvelle-tarification-reseau-mouvoise\/","title":{"rendered":"NOUVELLE TARIFICATION R\u00c9SEAU MOUV&rsquo;OISE"},"content":{"rendered":"\n<p>Bonjour \u00e0 toutes et \u00e0 tous<\/p>\n\n\n\n<p>Veuillez trouver ci-joint la nouvelle tarification de la recharge pour les v\u00e9hicules \u00e9lectriques des bornes du r\u00e9seau Mouv&rsquo;Oise<\/p>\n\n\n<a href=\"https:\/\/thiers-sur-theve.fr\/wp-content\/uploads\/2023\/06\/20230621125053.pdf\" class=\"pdfemb-viewer\" style=\"\" data-width=\"max\" data-height=\"max\" data-toolbar=\"both\" data-toolbar-fixed=\"on\">20230621125053<\/a>\n<p class=\"wp-block-pdfemb-pdf-embedder-viewer\"><\/p>\n","protected":false},"excerpt":{"rendered":"<p>Bonjour \u00e0 toutes et \u00e0 tous Veuillez trouver ci-joint la nouvelle tarification de la recharge pour les v\u00e9hicules \u00e9lectriques des bornes du r\u00e9seau Mouv&rsquo;Oise<\/p>\n","protected":false},"author":5,"featured_media":3393,"comment_status":"closed","ping_status":"open","sticky":false,"template":"","format":"standard","meta":{"footnotes":""},"categories":[4],"tags":[],"class_list":["post-3391","post","type-post","status-publish","format-standard","has-post-thumbnail","hentry","category-actualite"],"_links":{"self":[{"href":"https:\/\/thiers-sur-theve.fr\/index.php\/wp-json\/wp\/v2\/posts\/3391","targetHints":{"allow":["GET"]}}],"collection":[{"href":"https:\/\/thiers-sur-theve.fr\/index.php\/wp-json\/wp\/v2\/posts"}],"about":[{"href":"https:\/\/thiers-sur-theve.fr\/index.php\/wp-json\/wp\/v2\/types\/post"}],"author":[{"embeddable":true,"href":"https:\/\/thiers-sur-theve.fr\/index.php\/wp-json\/wp\/v2\/users\/5"}],"replies":[{"embeddable":true,"href":"https:\/\/thiers-sur-theve.fr\/index.php\/wp-json\/wp\/v2\/comments?post=3391"}],"version-history":[{"count":0,"href":"https:\/\/thiers-sur-theve.fr\/index.php\/wp-json\/wp\/v2\/posts\/3391\/revisions"}],"wp:featuredmedia":[{"embeddable":true,"href":"https:\/\/thiers-sur-theve.fr\/index.php\/wp-json\/wp\/v2\/media\/3393"}],"wp:attachment":[{"href":"https:\/\/thiers-sur-theve.fr\/index.php\/wp-json\/wp\/v2\/media?parent=3391"}],"wp:term":[{"taxonomy":"category","embeddable":true,"href":"https:\/\/thiers-sur-theve.fr\/index.php\/wp-json\/wp\/v2\/categories?post=3391"},{"taxonomy":"post_tag","embeddable":true,"href":"https:\/\/thiers-sur-theve.fr\/index.php\/wp-json\/wp\/v2\/tags?post=3391"}],"curies":[{"name":"wp","href":"https:\/\/api.w.org\/{rel}","templated":true}]}}