{"id":3417,"date":"2023-07-07T09:33:22","date_gmt":"2023-07-07T07:33:22","guid":{"rendered":"https:\/\/thiers-sur-theve.fr\/?p=3417"},"modified":"2023-07-07T09:33:22","modified_gmt":"2023-07-07T07:33:22","slug":"village-estival","status":"publish","type":"post","link":"https:\/\/thiers-sur-theve.fr\/index.php\/2023\/07\/07\/village-estival\/","title":{"rendered":"VILLAGE ESTIVAL"},"content":{"rendered":"\n<p>Le \u00ab\u00a0village estival\u00a0\u00bb du Conseil d\u00e9partemental revient cette ann\u00e9e, \u00e0 partir du 11 juillet dans les communes rurales du d\u00e9partement pour proposer des activit\u00e9s gratuites \u00e0 partager en famille. Les petits et grands seront convi\u00e9s \u00e0 participer gratuitement \u00e0 des apr\u00e8s-midi 100% sport, culture et loisirs<\/p>\n\n\n<a href=\"https:\/\/thiers-sur-theve.fr\/wp-content\/uploads\/2023\/07\/20230707103855.pdf\" class=\"pdfemb-viewer\" style=\"\" data-width=\"max\" data-height=\"max\" data-toolbar=\"both\" data-toolbar-fixed=\"on\">20230707103855<\/a>\n<p class=\"wp-block-pdfemb-pdf-embedder-viewer\"><\/p>\n","protected":false},"excerpt":{"rendered":"<p>Le \u00ab\u00a0village estival\u00a0\u00bb du Conseil d\u00e9partemental revient cette ann\u00e9e, \u00e0 partir du 11 juillet dans les communes rurales du d\u00e9partement pour proposer des activit\u00e9s gratuites \u00e0 partager en famille. Les petits et grands seront convi\u00e9s \u00e0 participer gratuitement \u00e0 des apr\u00e8s-midi 100% sport, culture et loisirs<\/p>\n","protected":false},"author":5,"featured_media":3418,"comment_status":"closed","ping_status":"open","sticky":false,"template":"","format":"standard","meta":{"footnotes":""},"categories":[1],"tags":[],"class_list":["post-3417","post","type-post","status-publish","format-standard","has-post-thumbnail","hentry","category-non-classe"],"_links":{"self":[{"href":"https:\/\/thiers-sur-theve.fr\/index.php\/wp-json\/wp\/v2\/posts\/3417","targetHints":{"allow":["GET"]}}],"collection":[{"href":"https:\/\/thiers-sur-theve.fr\/index.php\/wp-json\/wp\/v2\/posts"}],"about":[{"href":"https:\/\/thiers-sur-theve.fr\/index.php\/wp-json\/wp\/v2\/types\/post"}],"author":[{"embeddable":true,"href":"https:\/\/thiers-sur-theve.fr\/index.php\/wp-json\/wp\/v2\/users\/5"}],"replies":[{"embeddable":true,"href":"https:\/\/thiers-sur-theve.fr\/index.php\/wp-json\/wp\/v2\/comments?post=3417"}],"version-history":[{"count":0,"href":"https:\/\/thiers-sur-theve.fr\/index.php\/wp-json\/wp\/v2\/posts\/3417\/revisions"}],"wp:featuredmedia":[{"embeddable":true,"href":"https:\/\/thiers-sur-theve.fr\/index.php\/wp-json\/wp\/v2\/media\/3418"}],"wp:attachment":[{"href":"https:\/\/thiers-sur-theve.fr\/index.php\/wp-json\/wp\/v2\/media?parent=3417"}],"wp:term":[{"taxonomy":"category","embeddable":true,"href":"https:\/\/thiers-sur-theve.fr\/index.php\/wp-json\/wp\/v2\/categories?post=3417"},{"taxonomy":"post_tag","embeddable":true,"href":"https:\/\/thiers-sur-theve.fr\/index.php\/wp-json\/wp\/v2\/tags?post=3417"}],"curies":[{"name":"wp","href":"https:\/\/api.w.org\/{rel}","templated":true}]}}