{"id":3448,"date":"2023-07-21T08:26:18","date_gmt":"2023-07-21T06:26:18","guid":{"rendered":"https:\/\/thiers-sur-theve.fr\/?p=3448"},"modified":"2023-07-21T08:26:18","modified_gmt":"2023-07-21T06:26:18","slug":"fermeture-exceptionnelle-du-secretariat-de-mairie-3","status":"publish","type":"post","link":"https:\/\/thiers-sur-theve.fr\/index.php\/2023\/07\/21\/fermeture-exceptionnelle-du-secretariat-de-mairie-3\/","title":{"rendered":"FERMETURE EXCEPTIONNELLE DU SECR\u00c9TARIAT DE MAIRIE"},"content":{"rendered":"\n<p>Bonjour \u00e0 toutes et \u00e0 tous, le secr\u00e9tariat de mairie sera exceptionnellement ferm\u00e9 du 22 au 30 juillet 2023, une permanence sera assur\u00e9e les mardi 25 et jeudi 27 juillet 2023.<\/p>\n\n\n<a href=\"https:\/\/thiers-sur-theve.fr\/wp-content\/uploads\/2023\/07\/20230721092344.pdf\" class=\"pdfemb-viewer\" style=\"\" data-width=\"max\" data-height=\"max\" data-toolbar=\"both\" data-toolbar-fixed=\"on\">20230721092344<\/a>\n<p class=\"wp-block-pdfemb-pdf-embedder-viewer\"><\/p>\n","protected":false},"excerpt":{"rendered":"<p>Bonjour \u00e0 toutes et \u00e0 tous, le secr\u00e9tariat de mairie sera exceptionnellement ferm\u00e9 du 22 au 30 juillet 2023, une permanence sera assur\u00e9e les mardi 25 et jeudi 27 juillet 2023.<\/p>\n","protected":false},"author":5,"featured_media":3450,"comment_status":"closed","ping_status":"open","sticky":false,"template":"","format":"standard","meta":{"footnotes":""},"categories":[4,16],"tags":[],"class_list":["post-3448","post","type-post","status-publish","format-standard","has-post-thumbnail","hentry","category-actualite","category-administratif"],"_links":{"self":[{"href":"https:\/\/thiers-sur-theve.fr\/index.php\/wp-json\/wp\/v2\/posts\/3448","targetHints":{"allow":["GET"]}}],"collection":[{"href":"https:\/\/thiers-sur-theve.fr\/index.php\/wp-json\/wp\/v2\/posts"}],"about":[{"href":"https:\/\/thiers-sur-theve.fr\/index.php\/wp-json\/wp\/v2\/types\/post"}],"author":[{"embeddable":true,"href":"https:\/\/thiers-sur-theve.fr\/index.php\/wp-json\/wp\/v2\/users\/5"}],"replies":[{"embeddable":true,"href":"https:\/\/thiers-sur-theve.fr\/index.php\/wp-json\/wp\/v2\/comments?post=3448"}],"version-history":[{"count":0,"href":"https:\/\/thiers-sur-theve.fr\/index.php\/wp-json\/wp\/v2\/posts\/3448\/revisions"}],"wp:featuredmedia":[{"embeddable":true,"href":"https:\/\/thiers-sur-theve.fr\/index.php\/wp-json\/wp\/v2\/media\/3450"}],"wp:attachment":[{"href":"https:\/\/thiers-sur-theve.fr\/index.php\/wp-json\/wp\/v2\/media?parent=3448"}],"wp:term":[{"taxonomy":"category","embeddable":true,"href":"https:\/\/thiers-sur-theve.fr\/index.php\/wp-json\/wp\/v2\/categories?post=3448"},{"taxonomy":"post_tag","embeddable":true,"href":"https:\/\/thiers-sur-theve.fr\/index.php\/wp-json\/wp\/v2\/tags?post=3448"}],"curies":[{"name":"wp","href":"https:\/\/api.w.org\/{rel}","templated":true}]}}