{"id":3486,"date":"2023-09-11T13:39:34","date_gmt":"2023-09-11T11:39:34","guid":{"rendered":"https:\/\/thiers-sur-theve.fr\/?p=3486"},"modified":"2023-09-11T13:40:54","modified_gmt":"2023-09-11T11:40:54","slug":"moderngym","status":"publish","type":"post","link":"https:\/\/thiers-sur-theve.fr\/index.php\/2023\/09\/11\/moderngym\/","title":{"rendered":"MODERN&rsquo;GYM"},"content":{"rendered":"\n<p>Bonjour \u00e0 toutes et \u00e0 tous, Reprise des cours de l&rsquo;association Modern&rsquo;gym \u00e0 partir du 18 septembre.<\/p>\n\n\n\n<figure class=\"wp-block-image size-large\"><img loading=\"lazy\" decoding=\"async\" width=\"724\" height=\"1024\" src=\"https:\/\/thiers-sur-theve.fr\/wp-content\/uploads\/2023\/09\/20230909130251_00001-1-724x1024.jpg\" alt=\"\" class=\"wp-image-3489\" srcset=\"https:\/\/thiers-sur-theve.fr\/wp-content\/uploads\/2023\/09\/20230909130251_00001-1-724x1024.jpg 724w, https:\/\/thiers-sur-theve.fr\/wp-content\/uploads\/2023\/09\/20230909130251_00001-1-212x300.jpg 212w, https:\/\/thiers-sur-theve.fr\/wp-content\/uploads\/2023\/09\/20230909130251_00001-1-768x1086.jpg 768w, https:\/\/thiers-sur-theve.fr\/wp-content\/uploads\/2023\/09\/20230909130251_00001-1-1086x1536.jpg 1086w, https:\/\/thiers-sur-theve.fr\/wp-content\/uploads\/2023\/09\/20230909130251_00001-1-1448x2048.jpg 1448w, https:\/\/thiers-sur-theve.fr\/wp-content\/uploads\/2023\/09\/20230909130251_00001-1-scaled.jpg 1810w\" sizes=\"auto, (max-width: 724px) 100vw, 724px\" \/><\/figure>\n","protected":false},"excerpt":{"rendered":"<p>Bonjour \u00e0 toutes et \u00e0 tous, Reprise des cours de l&rsquo;association Modern&rsquo;gym \u00e0 partir du 18 septembre.<\/p>\n","protected":false},"author":5,"featured_media":3487,"comment_status":"closed","ping_status":"open","sticky":false,"template":"","format":"standard","meta":{"footnotes":""},"categories":[18],"tags":[],"class_list":["post-3486","post","type-post","status-publish","format-standard","has-post-thumbnail","hentry","category-associations"],"_links":{"self":[{"href":"https:\/\/thiers-sur-theve.fr\/index.php\/wp-json\/wp\/v2\/posts\/3486","targetHints":{"allow":["GET"]}}],"collection":[{"href":"https:\/\/thiers-sur-theve.fr\/index.php\/wp-json\/wp\/v2\/posts"}],"about":[{"href":"https:\/\/thiers-sur-theve.fr\/index.php\/wp-json\/wp\/v2\/types\/post"}],"author":[{"embeddable":true,"href":"https:\/\/thiers-sur-theve.fr\/index.php\/wp-json\/wp\/v2\/users\/5"}],"replies":[{"embeddable":true,"href":"https:\/\/thiers-sur-theve.fr\/index.php\/wp-json\/wp\/v2\/comments?post=3486"}],"version-history":[{"count":0,"href":"https:\/\/thiers-sur-theve.fr\/index.php\/wp-json\/wp\/v2\/posts\/3486\/revisions"}],"wp:featuredmedia":[{"embeddable":true,"href":"https:\/\/thiers-sur-theve.fr\/index.php\/wp-json\/wp\/v2\/media\/3487"}],"wp:attachment":[{"href":"https:\/\/thiers-sur-theve.fr\/index.php\/wp-json\/wp\/v2\/media?parent=3486"}],"wp:term":[{"taxonomy":"category","embeddable":true,"href":"https:\/\/thiers-sur-theve.fr\/index.php\/wp-json\/wp\/v2\/categories?post=3486"},{"taxonomy":"post_tag","embeddable":true,"href":"https:\/\/thiers-sur-theve.fr\/index.php\/wp-json\/wp\/v2\/tags?post=3486"}],"curies":[{"name":"wp","href":"https:\/\/api.w.org\/{rel}","templated":true}]}}