{"id":3531,"date":"2023-10-13T10:44:16","date_gmt":"2023-10-13T08:44:16","guid":{"rendered":"https:\/\/thiers-sur-theve.fr\/?p=3531"},"modified":"2023-10-13T10:44:16","modified_gmt":"2023-10-13T08:44:16","slug":"greve-dans-les-dechetteries","status":"publish","type":"post","link":"https:\/\/thiers-sur-theve.fr\/index.php\/2023\/10\/13\/greve-dans-les-dechetteries\/","title":{"rendered":"GR\u00c8VE DANS LES D\u00c9CHETTERIES"},"content":{"rendered":"\n<p><strong>Gr\u00e8ve dans les d\u00e9chetteries vendredi 13 octobre<\/strong><\/p>\n\n\n\n<p>Bonjour \u00e0 toutes et \u00e0 tous,<\/p>\n\n\n\n<p>Un mouvement de gr\u00e8ve nationale suivi par nos agents nous contraint \u00e0 fermer certaines de nos d\u00e9chetteries vendredi 13 octobre toute la journ\u00e9e.<\/p>\n\n\n\n<p>Il s\u2019agit de celles de : Plailly &#8211; Longueil-Sainte-Marie \u2013 Brenouille &#8211; Barbery<\/p>\n\n\n\n<p>D\u2019autres perturbations seront \u00e0 pr\u00e9voir.<\/p>\n\n\n\n<p>Nous ne manquerons pas de vous en informer sur notre site (lire les actualit\u00e9s \u00e0 la Une) et sur nos r\u00e9seaux sociaux Facebook et Instagram.<\/p>\n\n\n\n<p>Nous vous remercions de votre compr\u00e9hension<\/p>\n\n\n\n<p>Le service communication<br>03 44 38 29 00<br><a href=\"mailto:service.communication@smdoise.fr\">service.communication@smdoise.fr<\/a><\/p>\n","protected":false},"excerpt":{"rendered":"<p>Gr\u00e8ve dans les d\u00e9chetteries vendredi 13 octobre Bonjour \u00e0 toutes et \u00e0 tous, Un mouvement de gr\u00e8ve nationale suivi par nos agents nous contraint \u00e0 fermer certaines de nos d\u00e9chetteries vendredi 13 octobre toute la journ\u00e9e. Il s\u2019agit de celles de : Plailly &#8211; Longueil-Sainte-Marie \u2013 Brenouille &#8211; Barbery D\u2019autres perturbations seront \u00e0 pr\u00e9voir. Nous [&hellip;]<\/p>\n","protected":false},"author":5,"featured_media":0,"comment_status":"closed","ping_status":"open","sticky":false,"template":"","format":"standard","meta":{"footnotes":""},"categories":[21,7],"tags":[],"class_list":["post-3531","post","type-post","status-publish","format-standard","hentry","category-ccsso","category-communication-externe"],"_links":{"self":[{"href":"https:\/\/thiers-sur-theve.fr\/index.php\/wp-json\/wp\/v2\/posts\/3531","targetHints":{"allow":["GET"]}}],"collection":[{"href":"https:\/\/thiers-sur-theve.fr\/index.php\/wp-json\/wp\/v2\/posts"}],"about":[{"href":"https:\/\/thiers-sur-theve.fr\/index.php\/wp-json\/wp\/v2\/types\/post"}],"author":[{"embeddable":true,"href":"https:\/\/thiers-sur-theve.fr\/index.php\/wp-json\/wp\/v2\/users\/5"}],"replies":[{"embeddable":true,"href":"https:\/\/thiers-sur-theve.fr\/index.php\/wp-json\/wp\/v2\/comments?post=3531"}],"version-history":[{"count":0,"href":"https:\/\/thiers-sur-theve.fr\/index.php\/wp-json\/wp\/v2\/posts\/3531\/revisions"}],"wp:attachment":[{"href":"https:\/\/thiers-sur-theve.fr\/index.php\/wp-json\/wp\/v2\/media?parent=3531"}],"wp:term":[{"taxonomy":"category","embeddable":true,"href":"https:\/\/thiers-sur-theve.fr\/index.php\/wp-json\/wp\/v2\/categories?post=3531"},{"taxonomy":"post_tag","embeddable":true,"href":"https:\/\/thiers-sur-theve.fr\/index.php\/wp-json\/wp\/v2\/tags?post=3531"}],"curies":[{"name":"wp","href":"https:\/\/api.w.org\/{rel}","templated":true}]}}