{"id":3537,"date":"2023-10-13T11:01:02","date_gmt":"2023-10-13T09:01:02","guid":{"rendered":"https:\/\/thiers-sur-theve.fr\/?p=3537"},"modified":"2023-10-13T11:01:02","modified_gmt":"2023-10-13T09:01:02","slug":"calendrier-chasses-a-tir-foret-domaniale-dermenonville-du-domaine-de-chaalis","status":"publish","type":"post","link":"https:\/\/thiers-sur-theve.fr\/index.php\/2023\/10\/13\/calendrier-chasses-a-tir-foret-domaniale-dermenonville-du-domaine-de-chaalis\/","title":{"rendered":"CALENDRIER CHASSES A TIR &#8211; FORET DOMANIALE D&rsquo;ERMENONVILLE &amp; DU DOMAINE DE CH\u00c2ALIS"},"content":{"rendered":"\n<p>Bonjour \u00e0 toutes et \u00e0 tous, veuillez trouver ci-dessus le calendrier des chasses \u00e0 tir 2023\/2024 en for\u00eat domaniale d&rsquo;Ermenonville &amp; du domaine de Ch\u00e2alis<\/p>\n\n\n<a href=\"https:\/\/thiers-sur-theve.fr\/wp-content\/uploads\/2023\/10\/20231013120357.pdf\" class=\"pdfemb-viewer\" style=\"\" data-width=\"max\" data-height=\"max\" data-toolbar=\"both\" data-toolbar-fixed=\"on\">20231013120357<\/a>\n<p class=\"wp-block-pdfemb-pdf-embedder-viewer\"><\/p>\n","protected":false},"excerpt":{"rendered":"<p>Bonjour \u00e0 toutes et \u00e0 tous, veuillez trouver ci-dessus le calendrier des chasses \u00e0 tir 2023\/2024 en for\u00eat domaniale d&rsquo;Ermenonville &amp; du domaine de Ch\u00e2alis<\/p>\n","protected":false},"author":5,"featured_media":3542,"comment_status":"closed","ping_status":"open","sticky":false,"template":"","format":"standard","meta":{"footnotes":""},"categories":[1],"tags":[],"class_list":["post-3537","post","type-post","status-publish","format-standard","has-post-thumbnail","hentry","category-non-classe"],"_links":{"self":[{"href":"https:\/\/thiers-sur-theve.fr\/index.php\/wp-json\/wp\/v2\/posts\/3537","targetHints":{"allow":["GET"]}}],"collection":[{"href":"https:\/\/thiers-sur-theve.fr\/index.php\/wp-json\/wp\/v2\/posts"}],"about":[{"href":"https:\/\/thiers-sur-theve.fr\/index.php\/wp-json\/wp\/v2\/types\/post"}],"author":[{"embeddable":true,"href":"https:\/\/thiers-sur-theve.fr\/index.php\/wp-json\/wp\/v2\/users\/5"}],"replies":[{"embeddable":true,"href":"https:\/\/thiers-sur-theve.fr\/index.php\/wp-json\/wp\/v2\/comments?post=3537"}],"version-history":[{"count":0,"href":"https:\/\/thiers-sur-theve.fr\/index.php\/wp-json\/wp\/v2\/posts\/3537\/revisions"}],"wp:featuredmedia":[{"embeddable":true,"href":"https:\/\/thiers-sur-theve.fr\/index.php\/wp-json\/wp\/v2\/media\/3542"}],"wp:attachment":[{"href":"https:\/\/thiers-sur-theve.fr\/index.php\/wp-json\/wp\/v2\/media?parent=3537"}],"wp:term":[{"taxonomy":"category","embeddable":true,"href":"https:\/\/thiers-sur-theve.fr\/index.php\/wp-json\/wp\/v2\/categories?post=3537"},{"taxonomy":"post_tag","embeddable":true,"href":"https:\/\/thiers-sur-theve.fr\/index.php\/wp-json\/wp\/v2\/tags?post=3537"}],"curies":[{"name":"wp","href":"https:\/\/api.w.org\/{rel}","templated":true}]}}