{"id":3553,"date":"2023-10-24T15:48:46","date_gmt":"2023-10-24T13:48:46","guid":{"rendered":"https:\/\/thiers-sur-theve.fr\/?p=3553"},"modified":"2023-10-24T15:48:46","modified_gmt":"2023-10-24T13:48:46","slug":"pose-des-compteurs-de-telereleve-par-la-societe-saur","status":"publish","type":"post","link":"https:\/\/thiers-sur-theve.fr\/index.php\/2023\/10\/24\/pose-des-compteurs-de-telereleve-par-la-societe-saur\/","title":{"rendered":"POSE DES COMPTEURS DE T\u00c9L\u00c9RELEVE PAR LA SOCI\u00c9T\u00c9 SAUR"},"content":{"rendered":"\n<p>A partir du 23 octobre, la soci\u00e9t\u00e9 SAUR d\u00e9marre la pose des compteurs de t\u00e9l\u00e9rel\u00e8ve sur Thiers-sur-Th\u00e8ve.<\/p>\n\n\n\n<p>La pose des compteurs et la prise de rdv sont r\u00e9alis\u00e9es avec la soci\u00e9t\u00e9 ISEOTEC, sp\u00e9cialiste du domaine.<\/p>\n\n\n\n<p class=\"has-text-align-left\">Les usagers concern\u00e9s par la pose d\u2019un compteur t\u00e9l\u00e9relev\u00e9 recevront  un courrier indiquant un jour pr\u00e9cis pour le passage d\u2019un technicien. La pr\u00e9sence des usagers dont le compteur est situ\u00e9 en domaine public n\u2019est pas requise. Les usagers dont le compteur est inaccessible et ne pouvant pas se rendre disponible pourront appeler le num\u00e9ro d\u00e9di\u00e9 pour replanifier la date d\u2019intervention.<\/p>\n\n\n\n<p><\/p>\n\n\n\n<p><\/p>\n","protected":false},"excerpt":{"rendered":"<p>A partir du 23 octobre, la soci\u00e9t\u00e9 SAUR d\u00e9marre la pose des compteurs de t\u00e9l\u00e9rel\u00e8ve sur Thiers-sur-Th\u00e8ve. La pose des compteurs et la prise de rdv sont r\u00e9alis\u00e9es avec la soci\u00e9t\u00e9 ISEOTEC, sp\u00e9cialiste du domaine. Les usagers concern\u00e9s par la pose d\u2019un compteur t\u00e9l\u00e9relev\u00e9 recevront un courrier indiquant un jour pr\u00e9cis pour le passage d\u2019un [&hellip;]<\/p>\n","protected":false},"author":5,"featured_media":0,"comment_status":"closed","ping_status":"open","sticky":false,"template":"","format":"standard","meta":{"footnotes":""},"categories":[4,22],"tags":[],"class_list":["post-3553","post","type-post","status-publish","format-standard","hentry","category-actualite","category-travaux"],"_links":{"self":[{"href":"https:\/\/thiers-sur-theve.fr\/index.php\/wp-json\/wp\/v2\/posts\/3553","targetHints":{"allow":["GET"]}}],"collection":[{"href":"https:\/\/thiers-sur-theve.fr\/index.php\/wp-json\/wp\/v2\/posts"}],"about":[{"href":"https:\/\/thiers-sur-theve.fr\/index.php\/wp-json\/wp\/v2\/types\/post"}],"author":[{"embeddable":true,"href":"https:\/\/thiers-sur-theve.fr\/index.php\/wp-json\/wp\/v2\/users\/5"}],"replies":[{"embeddable":true,"href":"https:\/\/thiers-sur-theve.fr\/index.php\/wp-json\/wp\/v2\/comments?post=3553"}],"version-history":[{"count":0,"href":"https:\/\/thiers-sur-theve.fr\/index.php\/wp-json\/wp\/v2\/posts\/3553\/revisions"}],"wp:attachment":[{"href":"https:\/\/thiers-sur-theve.fr\/index.php\/wp-json\/wp\/v2\/media?parent=3553"}],"wp:term":[{"taxonomy":"category","embeddable":true,"href":"https:\/\/thiers-sur-theve.fr\/index.php\/wp-json\/wp\/v2\/categories?post=3553"},{"taxonomy":"post_tag","embeddable":true,"href":"https:\/\/thiers-sur-theve.fr\/index.php\/wp-json\/wp\/v2\/tags?post=3553"}],"curies":[{"name":"wp","href":"https:\/\/api.w.org\/{rel}","templated":true}]}}