{"id":3559,"date":"2023-10-24T16:04:04","date_gmt":"2023-10-24T14:04:04","guid":{"rendered":"https:\/\/thiers-sur-theve.fr\/?p=3559"},"modified":"2023-10-24T16:04:04","modified_gmt":"2023-10-24T14:04:04","slug":"operation-du-pnr-plantons-le-decor-2024","status":"publish","type":"post","link":"https:\/\/thiers-sur-theve.fr\/index.php\/2023\/10\/24\/operation-du-pnr-plantons-le-decor-2024\/","title":{"rendered":"OP\u00c9RATION DU PNR \u00ab\u00a0PLANTONS LE D\u00c9COR\u00a0\u00bb 2024"},"content":{"rendered":"\n<p><\/p>\n\n\n\n<p>Le parc naturel r\u00e9gional Oise Pays de France participe pour la cinqui\u00e8me ann\u00e9e \u00e0 l&rsquo;op\u00e9ration \u00ab\u00a0Plantons le d\u00e9cor\u00a0\u00bb.<\/p>\n\n\n<a href=\"https:\/\/thiers-sur-theve.fr\/wp-content\/uploads\/2023\/10\/20231024171251.pdf\" class=\"pdfemb-viewer\" style=\"\" data-width=\"max\" data-height=\"max\" data-toolbar=\"both\" data-toolbar-fixed=\"on\">20231024171251<\/a>\n<p class=\"wp-block-pdfemb-pdf-embedder-viewer\"><\/p>\n","protected":false},"excerpt":{"rendered":"<p>Le parc naturel r\u00e9gional Oise Pays de France participe pour la cinqui\u00e8me ann\u00e9e \u00e0 l&rsquo;op\u00e9ration \u00ab\u00a0Plantons le d\u00e9cor\u00a0\u00bb.<\/p>\n","protected":false},"author":5,"featured_media":3562,"comment_status":"closed","ping_status":"open","sticky":false,"template":"","format":"standard","meta":{"footnotes":""},"categories":[4],"tags":[],"class_list":["post-3559","post","type-post","status-publish","format-standard","has-post-thumbnail","hentry","category-actualite"],"_links":{"self":[{"href":"https:\/\/thiers-sur-theve.fr\/index.php\/wp-json\/wp\/v2\/posts\/3559","targetHints":{"allow":["GET"]}}],"collection":[{"href":"https:\/\/thiers-sur-theve.fr\/index.php\/wp-json\/wp\/v2\/posts"}],"about":[{"href":"https:\/\/thiers-sur-theve.fr\/index.php\/wp-json\/wp\/v2\/types\/post"}],"author":[{"embeddable":true,"href":"https:\/\/thiers-sur-theve.fr\/index.php\/wp-json\/wp\/v2\/users\/5"}],"replies":[{"embeddable":true,"href":"https:\/\/thiers-sur-theve.fr\/index.php\/wp-json\/wp\/v2\/comments?post=3559"}],"version-history":[{"count":0,"href":"https:\/\/thiers-sur-theve.fr\/index.php\/wp-json\/wp\/v2\/posts\/3559\/revisions"}],"wp:featuredmedia":[{"embeddable":true,"href":"https:\/\/thiers-sur-theve.fr\/index.php\/wp-json\/wp\/v2\/media\/3562"}],"wp:attachment":[{"href":"https:\/\/thiers-sur-theve.fr\/index.php\/wp-json\/wp\/v2\/media?parent=3559"}],"wp:term":[{"taxonomy":"category","embeddable":true,"href":"https:\/\/thiers-sur-theve.fr\/index.php\/wp-json\/wp\/v2\/categories?post=3559"},{"taxonomy":"post_tag","embeddable":true,"href":"https:\/\/thiers-sur-theve.fr\/index.php\/wp-json\/wp\/v2\/tags?post=3559"}],"curies":[{"name":"wp","href":"https:\/\/api.w.org\/{rel}","templated":true}]}}