{"id":3568,"date":"2023-10-26T09:36:40","date_gmt":"2023-10-26T07:36:40","guid":{"rendered":"https:\/\/thiers-sur-theve.fr\/?p=3568"},"modified":"2023-10-26T09:36:40","modified_gmt":"2023-10-26T07:36:40","slug":"marche-campagnard","status":"publish","type":"post","link":"https:\/\/thiers-sur-theve.fr\/index.php\/2023\/10\/26\/marche-campagnard\/","title":{"rendered":"MARCH\u00c9 CAMPAGNARD"},"content":{"rendered":"\n<p>Bonjour \u00e0 toutes et \u00e0 tous, le march\u00e9 campagnard aura lieu dans le parc de la Mairie, DIMANCHE 29 OCTOBRE de 09h00 \u00e0 12h30.<\/p>\n\n\n\n<p><\/p>\n","protected":false},"excerpt":{"rendered":"<p>Bonjour \u00e0 toutes et \u00e0 tous, le march\u00e9 campagnard aura lieu dans le parc de la Mairie, DIMANCHE 29 OCTOBRE de 09h00 \u00e0 12h30.<\/p>\n","protected":false},"author":5,"featured_media":0,"comment_status":"closed","ping_status":"open","sticky":false,"template":"","format":"standard","meta":{"footnotes":""},"categories":[1],"tags":[],"class_list":["post-3568","post","type-post","status-publish","format-standard","hentry","category-non-classe"],"_links":{"self":[{"href":"https:\/\/thiers-sur-theve.fr\/index.php\/wp-json\/wp\/v2\/posts\/3568","targetHints":{"allow":["GET"]}}],"collection":[{"href":"https:\/\/thiers-sur-theve.fr\/index.php\/wp-json\/wp\/v2\/posts"}],"about":[{"href":"https:\/\/thiers-sur-theve.fr\/index.php\/wp-json\/wp\/v2\/types\/post"}],"author":[{"embeddable":true,"href":"https:\/\/thiers-sur-theve.fr\/index.php\/wp-json\/wp\/v2\/users\/5"}],"replies":[{"embeddable":true,"href":"https:\/\/thiers-sur-theve.fr\/index.php\/wp-json\/wp\/v2\/comments?post=3568"}],"version-history":[{"count":0,"href":"https:\/\/thiers-sur-theve.fr\/index.php\/wp-json\/wp\/v2\/posts\/3568\/revisions"}],"wp:attachment":[{"href":"https:\/\/thiers-sur-theve.fr\/index.php\/wp-json\/wp\/v2\/media?parent=3568"}],"wp:term":[{"taxonomy":"category","embeddable":true,"href":"https:\/\/thiers-sur-theve.fr\/index.php\/wp-json\/wp\/v2\/categories?post=3568"},{"taxonomy":"post_tag","embeddable":true,"href":"https:\/\/thiers-sur-theve.fr\/index.php\/wp-json\/wp\/v2\/tags?post=3568"}],"curies":[{"name":"wp","href":"https:\/\/api.w.org\/{rel}","templated":true}]}}