{"id":3574,"date":"2023-10-30T17:10:19","date_gmt":"2023-10-30T16:10:19","guid":{"rendered":"https:\/\/thiers-sur-theve.fr\/?p=3574"},"modified":"2023-10-30T17:10:19","modified_gmt":"2023-10-30T16:10:19","slug":"fermeture-exceptionnelle-du-secretariat-de-mairie-4","status":"publish","type":"post","link":"https:\/\/thiers-sur-theve.fr\/index.php\/2023\/10\/30\/fermeture-exceptionnelle-du-secretariat-de-mairie-4\/","title":{"rendered":"FERMETURE EXCEPTIONNELLE DU SECR\u00c9TARIAT DE MAIRIE"},"content":{"rendered":"\n<p>Bonjour \u00e0 toutes et \u00e0 tous, le secr\u00e9tariat de mairie sera exceptionnellement ferm\u00e9 du 02 au 05 novembre 2023, une permanence sera assur\u00e9e le jeudi 02 novembre 2023 de 09h00 \u00e0 12h00.<\/p>\n\n\n<a href=\"https:\/\/thiers-sur-theve.fr\/wp-content\/uploads\/2023\/10\/20231030181724.pdf\" class=\"pdfemb-viewer\" style=\"\" data-width=\"max\" data-height=\"max\" data-toolbar=\"both\" data-toolbar-fixed=\"on\">20231030181724<\/a>\n<p class=\"wp-block-pdfemb-pdf-embedder-viewer\"><\/p>\n","protected":false},"excerpt":{"rendered":"<p>Bonjour \u00e0 toutes et \u00e0 tous, le secr\u00e9tariat de mairie sera exceptionnellement ferm\u00e9 du 02 au 05 novembre 2023, une permanence sera assur\u00e9e le jeudi 02 novembre 2023 de 09h00 \u00e0 12h00.<\/p>\n","protected":false},"author":5,"featured_media":3576,"comment_status":"closed","ping_status":"open","sticky":false,"template":"","format":"standard","meta":{"footnotes":""},"categories":[4],"tags":[],"class_list":["post-3574","post","type-post","status-publish","format-standard","has-post-thumbnail","hentry","category-actualite"],"_links":{"self":[{"href":"https:\/\/thiers-sur-theve.fr\/index.php\/wp-json\/wp\/v2\/posts\/3574","targetHints":{"allow":["GET"]}}],"collection":[{"href":"https:\/\/thiers-sur-theve.fr\/index.php\/wp-json\/wp\/v2\/posts"}],"about":[{"href":"https:\/\/thiers-sur-theve.fr\/index.php\/wp-json\/wp\/v2\/types\/post"}],"author":[{"embeddable":true,"href":"https:\/\/thiers-sur-theve.fr\/index.php\/wp-json\/wp\/v2\/users\/5"}],"replies":[{"embeddable":true,"href":"https:\/\/thiers-sur-theve.fr\/index.php\/wp-json\/wp\/v2\/comments?post=3574"}],"version-history":[{"count":0,"href":"https:\/\/thiers-sur-theve.fr\/index.php\/wp-json\/wp\/v2\/posts\/3574\/revisions"}],"wp:featuredmedia":[{"embeddable":true,"href":"https:\/\/thiers-sur-theve.fr\/index.php\/wp-json\/wp\/v2\/media\/3576"}],"wp:attachment":[{"href":"https:\/\/thiers-sur-theve.fr\/index.php\/wp-json\/wp\/v2\/media?parent=3574"}],"wp:term":[{"taxonomy":"category","embeddable":true,"href":"https:\/\/thiers-sur-theve.fr\/index.php\/wp-json\/wp\/v2\/categories?post=3574"},{"taxonomy":"post_tag","embeddable":true,"href":"https:\/\/thiers-sur-theve.fr\/index.php\/wp-json\/wp\/v2\/tags?post=3574"}],"curies":[{"name":"wp","href":"https:\/\/api.w.org\/{rel}","templated":true}]}}