{"id":3606,"date":"2023-11-22T09:37:19","date_gmt":"2023-11-22T08:37:19","guid":{"rendered":"https:\/\/thiers-sur-theve.fr\/?p=3606"},"modified":"2023-11-22T09:48:43","modified_gmt":"2023-11-22T08:48:43","slug":"sud-oise-recyclerie","status":"publish","type":"post","link":"https:\/\/thiers-sur-theve.fr\/index.php\/2023\/11\/22\/sud-oise-recyclerie\/","title":{"rendered":"Sud Oise Recyclerie"},"content":{"rendered":"\n<p>Ayez le r\u00e9flexe <strong>RECYCLERIE <\/strong>! Faites un geste solidaire en donnant vos vieux objets, c&rsquo;est une bonne solution pour la pr\u00e9vention des d\u00e9chets et une aide pour l&#8217;emploi d&rsquo;insertion. Vous y trouverez \u00e9galement des objets \u00e0 moindre prix, r\u00e9par\u00e9s et remis en \u00e9tat toute l&rsquo;ann\u00e9e. <\/p>\n\n\n<a href=\"https:\/\/thiers-sur-theve.fr\/wp-content\/uploads\/2023\/11\/20231122104710.pdf\" class=\"pdfemb-viewer\" style=\"\" data-width=\"max\" data-height=\"max\" data-toolbar=\"both\" data-toolbar-fixed=\"on\">20231122104710<\/a>\n<p class=\"wp-block-pdfemb-pdf-embedder-viewer\"><\/p>\n","protected":false},"excerpt":{"rendered":"<p>Ayez le r\u00e9flexe RECYCLERIE ! Faites un geste solidaire en donnant vos vieux objets, c&rsquo;est une bonne solution pour la pr\u00e9vention des d\u00e9chets et une aide pour l&#8217;emploi d&rsquo;insertion. Vous y trouverez \u00e9galement des objets \u00e0 moindre prix, r\u00e9par\u00e9s et remis en \u00e9tat toute l&rsquo;ann\u00e9e.<\/p>\n","protected":false},"author":5,"featured_media":3614,"comment_status":"closed","ping_status":"open","sticky":false,"template":"","format":"standard","meta":{"footnotes":""},"categories":[21,1],"tags":[],"class_list":["post-3606","post","type-post","status-publish","format-standard","has-post-thumbnail","hentry","category-ccsso","category-non-classe"],"_links":{"self":[{"href":"https:\/\/thiers-sur-theve.fr\/index.php\/wp-json\/wp\/v2\/posts\/3606","targetHints":{"allow":["GET"]}}],"collection":[{"href":"https:\/\/thiers-sur-theve.fr\/index.php\/wp-json\/wp\/v2\/posts"}],"about":[{"href":"https:\/\/thiers-sur-theve.fr\/index.php\/wp-json\/wp\/v2\/types\/post"}],"author":[{"embeddable":true,"href":"https:\/\/thiers-sur-theve.fr\/index.php\/wp-json\/wp\/v2\/users\/5"}],"replies":[{"embeddable":true,"href":"https:\/\/thiers-sur-theve.fr\/index.php\/wp-json\/wp\/v2\/comments?post=3606"}],"version-history":[{"count":0,"href":"https:\/\/thiers-sur-theve.fr\/index.php\/wp-json\/wp\/v2\/posts\/3606\/revisions"}],"wp:featuredmedia":[{"embeddable":true,"href":"https:\/\/thiers-sur-theve.fr\/index.php\/wp-json\/wp\/v2\/media\/3614"}],"wp:attachment":[{"href":"https:\/\/thiers-sur-theve.fr\/index.php\/wp-json\/wp\/v2\/media?parent=3606"}],"wp:term":[{"taxonomy":"category","embeddable":true,"href":"https:\/\/thiers-sur-theve.fr\/index.php\/wp-json\/wp\/v2\/categories?post=3606"},{"taxonomy":"post_tag","embeddable":true,"href":"https:\/\/thiers-sur-theve.fr\/index.php\/wp-json\/wp\/v2\/tags?post=3606"}],"curies":[{"name":"wp","href":"https:\/\/api.w.org\/{rel}","templated":true}]}}