{"id":3612,"date":"2023-11-22T09:41:16","date_gmt":"2023-11-22T08:41:16","guid":{"rendered":"https:\/\/thiers-sur-theve.fr\/?p=3612"},"modified":"2023-11-22T09:41:16","modified_gmt":"2023-11-22T08:41:16","slug":"soiree-speciale-fete-dhiver","status":"publish","type":"post","link":"https:\/\/thiers-sur-theve.fr\/index.php\/2023\/11\/22\/soiree-speciale-fete-dhiver\/","title":{"rendered":"SOIR\u00c9E SP\u00c9CIALE \u00ab\u00a0F\u00caTE D&rsquo;HIVER\u00a0\u00bb"},"content":{"rendered":"\n<p>Bonjour \u00e0 toutes et \u00e0 tous, les parents d&rsquo;\u00e9l\u00e8ves vous invitent le vendredi 1er d\u00e9cembre \u00e0 une soir\u00e9e sp\u00e9ciale \u00ab\u00a0F\u00eate d&rsquo;hiver\u00a0\u00bb au profit de la classe des neiges des CM1-CM2. <\/p>\n\n\n<a href=\"https:\/\/thiers-sur-theve.fr\/wp-content\/uploads\/2023\/11\/20231122103423.pdf\" class=\"pdfemb-viewer\" style=\"\" data-width=\"max\" data-height=\"max\" data-toolbar=\"both\" data-toolbar-fixed=\"on\">20231122103423<\/a>\n<p class=\"wp-block-pdfemb-pdf-embedder-viewer\"><\/p>\n","protected":false},"excerpt":{"rendered":"<p>Bonjour \u00e0 toutes et \u00e0 tous, les parents d&rsquo;\u00e9l\u00e8ves vous invitent le vendredi 1er d\u00e9cembre \u00e0 une soir\u00e9e sp\u00e9ciale \u00ab\u00a0F\u00eate d&rsquo;hiver\u00a0\u00bb au profit de la classe des neiges des CM1-CM2.<\/p>\n","protected":false},"author":5,"featured_media":3608,"comment_status":"closed","ping_status":"open","sticky":false,"template":"","format":"standard","meta":{"footnotes":""},"categories":[9],"tags":[],"class_list":["post-3612","post","type-post","status-publish","format-standard","has-post-thumbnail","hentry","category-groupe-scolaire"],"_links":{"self":[{"href":"https:\/\/thiers-sur-theve.fr\/index.php\/wp-json\/wp\/v2\/posts\/3612","targetHints":{"allow":["GET"]}}],"collection":[{"href":"https:\/\/thiers-sur-theve.fr\/index.php\/wp-json\/wp\/v2\/posts"}],"about":[{"href":"https:\/\/thiers-sur-theve.fr\/index.php\/wp-json\/wp\/v2\/types\/post"}],"author":[{"embeddable":true,"href":"https:\/\/thiers-sur-theve.fr\/index.php\/wp-json\/wp\/v2\/users\/5"}],"replies":[{"embeddable":true,"href":"https:\/\/thiers-sur-theve.fr\/index.php\/wp-json\/wp\/v2\/comments?post=3612"}],"version-history":[{"count":0,"href":"https:\/\/thiers-sur-theve.fr\/index.php\/wp-json\/wp\/v2\/posts\/3612\/revisions"}],"wp:featuredmedia":[{"embeddable":true,"href":"https:\/\/thiers-sur-theve.fr\/index.php\/wp-json\/wp\/v2\/media\/3608"}],"wp:attachment":[{"href":"https:\/\/thiers-sur-theve.fr\/index.php\/wp-json\/wp\/v2\/media?parent=3612"}],"wp:term":[{"taxonomy":"category","embeddable":true,"href":"https:\/\/thiers-sur-theve.fr\/index.php\/wp-json\/wp\/v2\/categories?post=3612"},{"taxonomy":"post_tag","embeddable":true,"href":"https:\/\/thiers-sur-theve.fr\/index.php\/wp-json\/wp\/v2\/tags?post=3612"}],"curies":[{"name":"wp","href":"https:\/\/api.w.org\/{rel}","templated":true}]}}