{"id":3623,"date":"2023-11-22T09:57:00","date_gmt":"2023-11-22T08:57:00","guid":{"rendered":"https:\/\/thiers-sur-theve.fr\/?p=3623"},"modified":"2023-11-22T09:58:03","modified_gmt":"2023-11-22T08:58:03","slug":"marche-campagnard-2","status":"publish","type":"post","link":"https:\/\/thiers-sur-theve.fr\/index.php\/2023\/11\/22\/marche-campagnard-2\/","title":{"rendered":"DIMANCHE 26 NOVEMBRE                        MARCH\u00c9 CAMPAGNARD"},"content":{"rendered":"\n<p>Bonjour \u00e0 toutes et \u00e0 tous, le march\u00e9 campagnard aura lieu dans le parc de la Mairie, <strong>DIMANCHE 26 NOVEMBRE de 09h00 \u00e0 12h30.<\/strong><\/p>\n","protected":false},"excerpt":{"rendered":"<p>Bonjour \u00e0 toutes et \u00e0 tous, le march\u00e9 campagnard aura lieu dans le parc de la Mairie, DIMANCHE 26 NOVEMBRE de 09h00 \u00e0 12h30.<\/p>\n","protected":false},"author":5,"featured_media":0,"comment_status":"closed","ping_status":"open","sticky":false,"template":"","format":"standard","meta":{"footnotes":""},"categories":[4],"tags":[],"class_list":["post-3623","post","type-post","status-publish","format-standard","hentry","category-actualite"],"_links":{"self":[{"href":"https:\/\/thiers-sur-theve.fr\/index.php\/wp-json\/wp\/v2\/posts\/3623","targetHints":{"allow":["GET"]}}],"collection":[{"href":"https:\/\/thiers-sur-theve.fr\/index.php\/wp-json\/wp\/v2\/posts"}],"about":[{"href":"https:\/\/thiers-sur-theve.fr\/index.php\/wp-json\/wp\/v2\/types\/post"}],"author":[{"embeddable":true,"href":"https:\/\/thiers-sur-theve.fr\/index.php\/wp-json\/wp\/v2\/users\/5"}],"replies":[{"embeddable":true,"href":"https:\/\/thiers-sur-theve.fr\/index.php\/wp-json\/wp\/v2\/comments?post=3623"}],"version-history":[{"count":0,"href":"https:\/\/thiers-sur-theve.fr\/index.php\/wp-json\/wp\/v2\/posts\/3623\/revisions"}],"wp:attachment":[{"href":"https:\/\/thiers-sur-theve.fr\/index.php\/wp-json\/wp\/v2\/media?parent=3623"}],"wp:term":[{"taxonomy":"category","embeddable":true,"href":"https:\/\/thiers-sur-theve.fr\/index.php\/wp-json\/wp\/v2\/categories?post=3623"},{"taxonomy":"post_tag","embeddable":true,"href":"https:\/\/thiers-sur-theve.fr\/index.php\/wp-json\/wp\/v2\/tags?post=3623"}],"curies":[{"name":"wp","href":"https:\/\/api.w.org\/{rel}","templated":true}]}}