{"id":3633,"date":"2023-12-04T15:56:12","date_gmt":"2023-12-04T14:56:12","guid":{"rendered":"https:\/\/thiers-sur-theve.fr\/?p=3633"},"modified":"2023-12-04T15:56:12","modified_gmt":"2023-12-04T14:56:12","slug":"espace-france-services-itinerant-2","status":"publish","type":"post","link":"https:\/\/thiers-sur-theve.fr\/index.php\/2023\/12\/04\/espace-france-services-itinerant-2\/","title":{"rendered":"ESPACE FRANCE SERVICES ITIN\u00c9RANT"},"content":{"rendered":"\n<p>Bonjour \u00e0 toutes et \u00e0 tous,<\/p>\n\n\n\n<p>Vous trouverez ci-dessous le planning du v\u00e9hicule de France Services Itin\u00e9rant du mois de d\u00e9cembre 2023. <\/p>\n\n\n\n<p>Celui-ci sera \u00e0 THIERS-SUR-THEVE &#8211; PLACE DU CHATEAU : LES 05 &amp; 19 d\u00e9cembre de 14h30 \u00e0 17h30.<\/p>\n\n\n<a href=\"https:\/\/thiers-sur-theve.fr\/wp-content\/uploads\/2023\/12\/20231204161233.pdf\" class=\"pdfemb-viewer\" style=\"\" data-width=\"max\" data-height=\"max\" data-toolbar=\"both\" data-toolbar-fixed=\"on\">20231204161233<\/a>\n<p class=\"wp-block-pdfemb-pdf-embedder-viewer\"><\/p>\n","protected":false},"excerpt":{"rendered":"<p>Bonjour \u00e0 toutes et \u00e0 tous, Vous trouverez ci-dessous le planning du v\u00e9hicule de France Services Itin\u00e9rant du mois de d\u00e9cembre 2023. Celui-ci sera \u00e0 THIERS-SUR-THEVE &#8211; PLACE DU CHATEAU : LES 05 &amp; 19 d\u00e9cembre de 14h30 \u00e0 17h30.<\/p>\n","protected":false},"author":5,"featured_media":3635,"comment_status":"closed","ping_status":"open","sticky":false,"template":"","format":"standard","meta":{"footnotes":""},"categories":[21],"tags":[],"class_list":["post-3633","post","type-post","status-publish","format-standard","has-post-thumbnail","hentry","category-ccsso"],"_links":{"self":[{"href":"https:\/\/thiers-sur-theve.fr\/index.php\/wp-json\/wp\/v2\/posts\/3633","targetHints":{"allow":["GET"]}}],"collection":[{"href":"https:\/\/thiers-sur-theve.fr\/index.php\/wp-json\/wp\/v2\/posts"}],"about":[{"href":"https:\/\/thiers-sur-theve.fr\/index.php\/wp-json\/wp\/v2\/types\/post"}],"author":[{"embeddable":true,"href":"https:\/\/thiers-sur-theve.fr\/index.php\/wp-json\/wp\/v2\/users\/5"}],"replies":[{"embeddable":true,"href":"https:\/\/thiers-sur-theve.fr\/index.php\/wp-json\/wp\/v2\/comments?post=3633"}],"version-history":[{"count":0,"href":"https:\/\/thiers-sur-theve.fr\/index.php\/wp-json\/wp\/v2\/posts\/3633\/revisions"}],"wp:featuredmedia":[{"embeddable":true,"href":"https:\/\/thiers-sur-theve.fr\/index.php\/wp-json\/wp\/v2\/media\/3635"}],"wp:attachment":[{"href":"https:\/\/thiers-sur-theve.fr\/index.php\/wp-json\/wp\/v2\/media?parent=3633"}],"wp:term":[{"taxonomy":"category","embeddable":true,"href":"https:\/\/thiers-sur-theve.fr\/index.php\/wp-json\/wp\/v2\/categories?post=3633"},{"taxonomy":"post_tag","embeddable":true,"href":"https:\/\/thiers-sur-theve.fr\/index.php\/wp-json\/wp\/v2\/tags?post=3633"}],"curies":[{"name":"wp","href":"https:\/\/api.w.org\/{rel}","templated":true}]}}