{"id":3642,"date":"2023-12-18T17:18:40","date_gmt":"2023-12-18T16:18:40","guid":{"rendered":"https:\/\/thiers-sur-theve.fr\/?p=3642"},"modified":"2023-12-18T17:18:40","modified_gmt":"2023-12-18T16:18:40","slug":"reunion-dinformation","status":"publish","type":"post","link":"https:\/\/thiers-sur-theve.fr\/index.php\/2023\/12\/18\/reunion-dinformation\/","title":{"rendered":"R\u00e9union d&rsquo;information"},"content":{"rendered":"\n<p>La communaut\u00e9 de communes de Senlis Sud Oise et la Mairie de Senlis organisent une r\u00e9union d&rsquo;information \u00e0 destination des parents afin de leur pr\u00e9senter les diff\u00e9rents modes d&rsquo;accueil du jeune enfant pr\u00e9sents sur le territoire :<\/p>\n\n\n\n<p><strong>Le jeudi 25 janvier 2024 \u00e0 19h00 <\/strong><\/p>\n\n\n\n<p><strong>dans la salle polyvalente du centre de rencontre de l&rsquo;Ob\u00e9lisque de Senlis <\/strong><\/p>\n\n\n<a href=\"https:\/\/thiers-sur-theve.fr\/wp-content\/uploads\/2023\/12\/20231218180427.pdf\" class=\"pdfemb-viewer\" style=\"\" data-width=\"max\" data-height=\"max\" data-toolbar=\"both\" data-toolbar-fixed=\"on\">20231218180427<\/a>\n<p class=\"wp-block-pdfemb-pdf-embedder-viewer\"><\/p>\n","protected":false},"excerpt":{"rendered":"<p>La communaut\u00e9 de communes de Senlis Sud Oise et la Mairie de Senlis organisent une r\u00e9union d&rsquo;information \u00e0 destination des parents afin de leur pr\u00e9senter les diff\u00e9rents modes d&rsquo;accueil du jeune enfant pr\u00e9sents sur le territoire : Le jeudi 25 janvier 2024 \u00e0 19h00 dans la salle polyvalente du centre de rencontre de l&rsquo;Ob\u00e9lisque de [&hellip;]<\/p>\n","protected":false},"author":5,"featured_media":3644,"comment_status":"closed","ping_status":"open","sticky":false,"template":"","format":"standard","meta":{"footnotes":""},"categories":[21],"tags":[],"class_list":["post-3642","post","type-post","status-publish","format-standard","has-post-thumbnail","hentry","category-ccsso"],"_links":{"self":[{"href":"https:\/\/thiers-sur-theve.fr\/index.php\/wp-json\/wp\/v2\/posts\/3642","targetHints":{"allow":["GET"]}}],"collection":[{"href":"https:\/\/thiers-sur-theve.fr\/index.php\/wp-json\/wp\/v2\/posts"}],"about":[{"href":"https:\/\/thiers-sur-theve.fr\/index.php\/wp-json\/wp\/v2\/types\/post"}],"author":[{"embeddable":true,"href":"https:\/\/thiers-sur-theve.fr\/index.php\/wp-json\/wp\/v2\/users\/5"}],"replies":[{"embeddable":true,"href":"https:\/\/thiers-sur-theve.fr\/index.php\/wp-json\/wp\/v2\/comments?post=3642"}],"version-history":[{"count":0,"href":"https:\/\/thiers-sur-theve.fr\/index.php\/wp-json\/wp\/v2\/posts\/3642\/revisions"}],"wp:featuredmedia":[{"embeddable":true,"href":"https:\/\/thiers-sur-theve.fr\/index.php\/wp-json\/wp\/v2\/media\/3644"}],"wp:attachment":[{"href":"https:\/\/thiers-sur-theve.fr\/index.php\/wp-json\/wp\/v2\/media?parent=3642"}],"wp:term":[{"taxonomy":"category","embeddable":true,"href":"https:\/\/thiers-sur-theve.fr\/index.php\/wp-json\/wp\/v2\/categories?post=3642"},{"taxonomy":"post_tag","embeddable":true,"href":"https:\/\/thiers-sur-theve.fr\/index.php\/wp-json\/wp\/v2\/tags?post=3642"}],"curies":[{"name":"wp","href":"https:\/\/api.w.org\/{rel}","templated":true}]}}