{"id":3658,"date":"2023-12-23T12:28:11","date_gmt":"2023-12-23T11:28:11","guid":{"rendered":"https:\/\/thiers-sur-theve.fr\/?p=3658"},"modified":"2023-12-23T12:28:11","modified_gmt":"2023-12-23T11:28:11","slug":"fermeture-exceptionnelle-du-secretariat-de-mairie-5","status":"publish","type":"post","link":"https:\/\/thiers-sur-theve.fr\/index.php\/2023\/12\/23\/fermeture-exceptionnelle-du-secretariat-de-mairie-5\/","title":{"rendered":"FERMETURE EXCEPTIONNELLE DU SECR\u00c9TARIAT DE MAIRIE"},"content":{"rendered":"\n<p>Bonjour \u00e0 toutes et \u00e0 tous, le secr\u00e9tariat de mairie sera exceptionnellement ferm\u00e9 du 26 d\u00e9cembre 2023 au 06 janvier 2024, une permanence sera assur\u00e9e les mardi 02 et jeudi 04 janvier 2024.<\/p>\n\n\n<a href=\"https:\/\/thiers-sur-theve.fr\/wp-content\/uploads\/2023\/12\/20231223133431.pdf\" class=\"pdfemb-viewer\" style=\"\" data-width=\"max\" data-height=\"max\" data-toolbar=\"both\" data-toolbar-fixed=\"on\">20231223133431<\/a>\n<p class=\"wp-block-pdfemb-pdf-embedder-viewer\"><\/p>\n","protected":false},"excerpt":{"rendered":"<p>Bonjour \u00e0 toutes et \u00e0 tous, le secr\u00e9tariat de mairie sera exceptionnellement ferm\u00e9 du 26 d\u00e9cembre 2023 au 06 janvier 2024, une permanence sera assur\u00e9e les mardi 02 et jeudi 04 janvier 2024.<\/p>\n","protected":false},"author":5,"featured_media":3660,"comment_status":"closed","ping_status":"open","sticky":false,"template":"","format":"standard","meta":{"footnotes":""},"categories":[7],"tags":[],"class_list":["post-3658","post","type-post","status-publish","format-standard","has-post-thumbnail","hentry","category-communication-externe"],"_links":{"self":[{"href":"https:\/\/thiers-sur-theve.fr\/index.php\/wp-json\/wp\/v2\/posts\/3658","targetHints":{"allow":["GET"]}}],"collection":[{"href":"https:\/\/thiers-sur-theve.fr\/index.php\/wp-json\/wp\/v2\/posts"}],"about":[{"href":"https:\/\/thiers-sur-theve.fr\/index.php\/wp-json\/wp\/v2\/types\/post"}],"author":[{"embeddable":true,"href":"https:\/\/thiers-sur-theve.fr\/index.php\/wp-json\/wp\/v2\/users\/5"}],"replies":[{"embeddable":true,"href":"https:\/\/thiers-sur-theve.fr\/index.php\/wp-json\/wp\/v2\/comments?post=3658"}],"version-history":[{"count":0,"href":"https:\/\/thiers-sur-theve.fr\/index.php\/wp-json\/wp\/v2\/posts\/3658\/revisions"}],"wp:featuredmedia":[{"embeddable":true,"href":"https:\/\/thiers-sur-theve.fr\/index.php\/wp-json\/wp\/v2\/media\/3660"}],"wp:attachment":[{"href":"https:\/\/thiers-sur-theve.fr\/index.php\/wp-json\/wp\/v2\/media?parent=3658"}],"wp:term":[{"taxonomy":"category","embeddable":true,"href":"https:\/\/thiers-sur-theve.fr\/index.php\/wp-json\/wp\/v2\/categories?post=3658"},{"taxonomy":"post_tag","embeddable":true,"href":"https:\/\/thiers-sur-theve.fr\/index.php\/wp-json\/wp\/v2\/tags?post=3658"}],"curies":[{"name":"wp","href":"https:\/\/api.w.org\/{rel}","templated":true}]}}