{"id":3846,"date":"2024-02-14T11:10:17","date_gmt":"2024-02-14T10:10:17","guid":{"rendered":"https:\/\/thiers-sur-theve.fr\/?p=3846"},"modified":"2024-02-14T11:10:17","modified_gmt":"2024-02-14T10:10:17","slug":"manifestation-du-mardi-13-fevrier-contre-la-fermeture-dune-classe","status":"publish","type":"post","link":"https:\/\/thiers-sur-theve.fr\/index.php\/2024\/02\/14\/manifestation-du-mardi-13-fevrier-contre-la-fermeture-dune-classe\/","title":{"rendered":"MANIFESTATION DU MARDI 13 F\u00c9VRIER CONTRE LA FERMETURE D&rsquo;UNE CLASSE"},"content":{"rendered":"\n<p>\u00ab\u00a0<em>Nous nous sommes retrouv\u00e9s parents d&rsquo;\u00e9l\u00e8ves et \u00e9lus mardi matin pour d\u00e9noncer la fermeture d&rsquo;une classe \u00e0 l&rsquo;\u00e9cole Raoul GAUTHERIN.<br><br>Nous vous informons qu&rsquo;un pr\u00e9avis de gr\u00e8ve vient d&rsquo;\u00eatre d\u00e9pos\u00e9 par les institutrices le vendredi 16 f\u00e9vrier 2024 pour manifester contre cette fermeture\u00a0\u00bb<\/em>.<\/p>\n\n\n<a href=\"https:\/\/thiers-sur-theve.fr\/wp-content\/uploads\/2024\/02\/Dossier-de-Presse-Ecole-Thiers-sur-Theve-PDF-1.pdf\" class=\"pdfemb-viewer\" style=\"\" data-width=\"max\" data-height=\"max\" data-toolbar=\"both\" data-toolbar-fixed=\"on\">Dossier-de-Presse-Ecole-Thiers-sur-Theve-PDF-1<\/a>\n<p class=\"wp-block-pdfemb-pdf-embedder-viewer\"><\/p>\n","protected":false},"excerpt":{"rendered":"<p>\u00ab\u00a0Nous nous sommes retrouv\u00e9s parents d&rsquo;\u00e9l\u00e8ves et \u00e9lus mardi matin pour d\u00e9noncer la fermeture d&rsquo;une classe \u00e0 l&rsquo;\u00e9cole Raoul GAUTHERIN. Nous vous informons qu&rsquo;un pr\u00e9avis de gr\u00e8ve vient d&rsquo;\u00eatre d\u00e9pos\u00e9 par les institutrices le vendredi 16 f\u00e9vrier 2024 pour manifester contre cette fermeture\u00a0\u00bb.<\/p>\n","protected":false},"author":5,"featured_media":3848,"comment_status":"closed","ping_status":"open","sticky":false,"template":"","format":"standard","meta":{"footnotes":""},"categories":[9],"tags":[],"class_list":["post-3846","post","type-post","status-publish","format-standard","has-post-thumbnail","hentry","category-groupe-scolaire"],"_links":{"self":[{"href":"https:\/\/thiers-sur-theve.fr\/index.php\/wp-json\/wp\/v2\/posts\/3846","targetHints":{"allow":["GET"]}}],"collection":[{"href":"https:\/\/thiers-sur-theve.fr\/index.php\/wp-json\/wp\/v2\/posts"}],"about":[{"href":"https:\/\/thiers-sur-theve.fr\/index.php\/wp-json\/wp\/v2\/types\/post"}],"author":[{"embeddable":true,"href":"https:\/\/thiers-sur-theve.fr\/index.php\/wp-json\/wp\/v2\/users\/5"}],"replies":[{"embeddable":true,"href":"https:\/\/thiers-sur-theve.fr\/index.php\/wp-json\/wp\/v2\/comments?post=3846"}],"version-history":[{"count":0,"href":"https:\/\/thiers-sur-theve.fr\/index.php\/wp-json\/wp\/v2\/posts\/3846\/revisions"}],"wp:featuredmedia":[{"embeddable":true,"href":"https:\/\/thiers-sur-theve.fr\/index.php\/wp-json\/wp\/v2\/media\/3848"}],"wp:attachment":[{"href":"https:\/\/thiers-sur-theve.fr\/index.php\/wp-json\/wp\/v2\/media?parent=3846"}],"wp:term":[{"taxonomy":"category","embeddable":true,"href":"https:\/\/thiers-sur-theve.fr\/index.php\/wp-json\/wp\/v2\/categories?post=3846"},{"taxonomy":"post_tag","embeddable":true,"href":"https:\/\/thiers-sur-theve.fr\/index.php\/wp-json\/wp\/v2\/tags?post=3846"}],"curies":[{"name":"wp","href":"https:\/\/api.w.org\/{rel}","templated":true}]}}