{"id":3859,"date":"2024-03-01T08:50:54","date_gmt":"2024-03-01T07:50:54","guid":{"rendered":"https:\/\/thiers-sur-theve.fr\/?p=3859"},"modified":"2024-03-01T08:50:54","modified_gmt":"2024-03-01T07:50:54","slug":"informations-concernant-le-passage-a-la-taxe-denlevement-des-ordures-menageres-au-1%e1%b5%89%ca%b3-janvier-2024","status":"publish","type":"post","link":"https:\/\/thiers-sur-theve.fr\/index.php\/2024\/03\/01\/informations-concernant-le-passage-a-la-taxe-denlevement-des-ordures-menageres-au-1%e1%b5%89%ca%b3-janvier-2024\/","title":{"rendered":"INFORMATIONS CONCERNANT LE PASSAGE A LA TAXE D&rsquo;ENL\u00c8VEMENT DES ORDURES M\u00c9NAG\u00c8RES AU 1\u1d49\u02b3 JANVIER 2024"},"content":{"rendered":"\n<p>Bonjour \u00e0 toutes et \u00e0 tous, vous trouverez ci-dessous courrier envoy\u00e9 par la Communaut\u00e9 de Communes Senlis Sud Sud vous expliquant le passage \u00e0 la taxe d&rsquo;enl\u00e8vement des ordures m\u00e9nag\u00e8res au 1er janvier 2024.<\/p>\n\n\n<a href=\"https:\/\/thiers-sur-theve.fr\/wp-content\/uploads\/2024\/03\/COURRIER-TEOM.pdf\" class=\"pdfemb-viewer\" style=\"\" data-width=\"max\" data-height=\"max\" data-toolbar=\"both\" data-toolbar-fixed=\"on\">COURRIER-TEOM<\/a>\n\n<a href=\"https:\/\/thiers-sur-theve.fr\/wp-content\/uploads\/2024\/03\/FAQ-TEOM.pdf\" class=\"pdfemb-viewer\" style=\"\" data-width=\"max\" data-height=\"max\" data-toolbar=\"both\" data-toolbar-fixed=\"on\">FAQ-TEOM<\/a>","protected":false},"excerpt":{"rendered":"<p>Bonjour \u00e0 toutes et \u00e0 tous, vous trouverez ci-dessous courrier envoy\u00e9 par la Communaut\u00e9 de Communes Senlis Sud Sud vous expliquant le passage \u00e0 la taxe d&rsquo;enl\u00e8vement des ordures m\u00e9nag\u00e8res au 1er janvier 2024.<\/p>\n","protected":false},"author":5,"featured_media":0,"comment_status":"closed","ping_status":"open","sticky":false,"template":"","format":"standard","meta":{"footnotes":""},"categories":[21],"tags":[],"class_list":["post-3859","post","type-post","status-publish","format-standard","hentry","category-ccsso"],"_links":{"self":[{"href":"https:\/\/thiers-sur-theve.fr\/index.php\/wp-json\/wp\/v2\/posts\/3859","targetHints":{"allow":["GET"]}}],"collection":[{"href":"https:\/\/thiers-sur-theve.fr\/index.php\/wp-json\/wp\/v2\/posts"}],"about":[{"href":"https:\/\/thiers-sur-theve.fr\/index.php\/wp-json\/wp\/v2\/types\/post"}],"author":[{"embeddable":true,"href":"https:\/\/thiers-sur-theve.fr\/index.php\/wp-json\/wp\/v2\/users\/5"}],"replies":[{"embeddable":true,"href":"https:\/\/thiers-sur-theve.fr\/index.php\/wp-json\/wp\/v2\/comments?post=3859"}],"version-history":[{"count":0,"href":"https:\/\/thiers-sur-theve.fr\/index.php\/wp-json\/wp\/v2\/posts\/3859\/revisions"}],"wp:attachment":[{"href":"https:\/\/thiers-sur-theve.fr\/index.php\/wp-json\/wp\/v2\/media?parent=3859"}],"wp:term":[{"taxonomy":"category","embeddable":true,"href":"https:\/\/thiers-sur-theve.fr\/index.php\/wp-json\/wp\/v2\/categories?post=3859"},{"taxonomy":"post_tag","embeddable":true,"href":"https:\/\/thiers-sur-theve.fr\/index.php\/wp-json\/wp\/v2\/tags?post=3859"}],"curies":[{"name":"wp","href":"https:\/\/api.w.org\/{rel}","templated":true}]}}