{"id":3893,"date":"2024-04-03T11:16:01","date_gmt":"2024-04-03T09:16:01","guid":{"rendered":"https:\/\/thiers-sur-theve.fr\/?p=3893"},"modified":"2024-04-03T11:16:01","modified_gmt":"2024-04-03T09:16:01","slug":"la-ferme-du-bois-bourdon-en-fete","status":"publish","type":"post","link":"https:\/\/thiers-sur-theve.fr\/index.php\/2024\/04\/03\/la-ferme-du-bois-bourdon-en-fete\/","title":{"rendered":"LA FERME DU BOIS BOURDON EN F\u00caTE !"},"content":{"rendered":"\n<p>Bonjour \u00e0 toutes et \u00e0 tous, Ouverture exceptionnelle du magasin \u00e0 la Ferme du Bois Bourdon, le dimanche 21 avril 2024 \u00e0 10h00 \u00e0 18h00.<\/p>\n\n\n<a href=\"https:\/\/thiers-sur-theve.fr\/wp-content\/uploads\/2024\/04\/1-an-de-la-Ferme.pdf\" class=\"pdfemb-viewer\" style=\"\" data-width=\"max\" data-height=\"max\" data-toolbar=\"both\" data-toolbar-fixed=\"on\">1-an-de-la-Ferme<\/a>","protected":false},"excerpt":{"rendered":"<p>Bonjour \u00e0 toutes et \u00e0 tous, Ouverture exceptionnelle du magasin \u00e0 la Ferme du Bois Bourdon, le dimanche 21 avril 2024 \u00e0 10h00 \u00e0 18h00.<\/p>\n","protected":false},"author":5,"featured_media":3895,"comment_status":"closed","ping_status":"open","sticky":false,"template":"","format":"standard","meta":{"footnotes":""},"categories":[4],"tags":[],"class_list":["post-3893","post","type-post","status-publish","format-standard","has-post-thumbnail","hentry","category-actualite"],"_links":{"self":[{"href":"https:\/\/thiers-sur-theve.fr\/index.php\/wp-json\/wp\/v2\/posts\/3893","targetHints":{"allow":["GET"]}}],"collection":[{"href":"https:\/\/thiers-sur-theve.fr\/index.php\/wp-json\/wp\/v2\/posts"}],"about":[{"href":"https:\/\/thiers-sur-theve.fr\/index.php\/wp-json\/wp\/v2\/types\/post"}],"author":[{"embeddable":true,"href":"https:\/\/thiers-sur-theve.fr\/index.php\/wp-json\/wp\/v2\/users\/5"}],"replies":[{"embeddable":true,"href":"https:\/\/thiers-sur-theve.fr\/index.php\/wp-json\/wp\/v2\/comments?post=3893"}],"version-history":[{"count":0,"href":"https:\/\/thiers-sur-theve.fr\/index.php\/wp-json\/wp\/v2\/posts\/3893\/revisions"}],"wp:featuredmedia":[{"embeddable":true,"href":"https:\/\/thiers-sur-theve.fr\/index.php\/wp-json\/wp\/v2\/media\/3895"}],"wp:attachment":[{"href":"https:\/\/thiers-sur-theve.fr\/index.php\/wp-json\/wp\/v2\/media?parent=3893"}],"wp:term":[{"taxonomy":"category","embeddable":true,"href":"https:\/\/thiers-sur-theve.fr\/index.php\/wp-json\/wp\/v2\/categories?post=3893"},{"taxonomy":"post_tag","embeddable":true,"href":"https:\/\/thiers-sur-theve.fr\/index.php\/wp-json\/wp\/v2\/tags?post=3893"}],"curies":[{"name":"wp","href":"https:\/\/api.w.org\/{rel}","templated":true}]}}