{"id":3950,"date":"2024-06-10T12:07:32","date_gmt":"2024-06-10T10:07:32","guid":{"rendered":"https:\/\/thiers-sur-theve.fr\/?p=3950"},"modified":"2024-06-10T12:07:32","modified_gmt":"2024-06-10T10:07:32","slug":"parc-naturel-regional-oise-pays-de-france","status":"publish","type":"post","link":"https:\/\/thiers-sur-theve.fr\/index.php\/2024\/06\/10\/parc-naturel-regional-oise-pays-de-france\/","title":{"rendered":"PARC NATUREL R\u00c9GIONAL OISE PAYS DE FRANCE"},"content":{"rendered":"\n<p>Bonjour \u00e0 toutes et \u00e0 tous, voici un d\u00e9pliant du PNR, vous proposant une r\u00e9union le samedi 15 juin 2024 en mairie de THIERS SUR THEVE suite aux inventaires men\u00e9s par le PNR.<\/p>\n\n\n<a href=\"https:\/\/thiers-sur-theve.fr\/wp-content\/uploads\/2024\/06\/20240610130053.pdf\" class=\"pdfemb-viewer\" style=\"\" data-width=\"max\" data-height=\"max\" data-toolbar=\"both\" data-toolbar-fixed=\"on\">20240610130053<\/a>","protected":false},"excerpt":{"rendered":"<p>Bonjour \u00e0 toutes et \u00e0 tous, voici un d\u00e9pliant du PNR, vous proposant une r\u00e9union le samedi 15 juin 2024 en mairie de THIERS SUR THEVE suite aux inventaires men\u00e9s par le PNR.<\/p>\n","protected":false},"author":5,"featured_media":3952,"comment_status":"closed","ping_status":"open","sticky":false,"template":"","format":"standard","meta":{"footnotes":""},"categories":[4],"tags":[],"class_list":["post-3950","post","type-post","status-publish","format-standard","has-post-thumbnail","hentry","category-actualite"],"_links":{"self":[{"href":"https:\/\/thiers-sur-theve.fr\/index.php\/wp-json\/wp\/v2\/posts\/3950","targetHints":{"allow":["GET"]}}],"collection":[{"href":"https:\/\/thiers-sur-theve.fr\/index.php\/wp-json\/wp\/v2\/posts"}],"about":[{"href":"https:\/\/thiers-sur-theve.fr\/index.php\/wp-json\/wp\/v2\/types\/post"}],"author":[{"embeddable":true,"href":"https:\/\/thiers-sur-theve.fr\/index.php\/wp-json\/wp\/v2\/users\/5"}],"replies":[{"embeddable":true,"href":"https:\/\/thiers-sur-theve.fr\/index.php\/wp-json\/wp\/v2\/comments?post=3950"}],"version-history":[{"count":0,"href":"https:\/\/thiers-sur-theve.fr\/index.php\/wp-json\/wp\/v2\/posts\/3950\/revisions"}],"wp:featuredmedia":[{"embeddable":true,"href":"https:\/\/thiers-sur-theve.fr\/index.php\/wp-json\/wp\/v2\/media\/3952"}],"wp:attachment":[{"href":"https:\/\/thiers-sur-theve.fr\/index.php\/wp-json\/wp\/v2\/media?parent=3950"}],"wp:term":[{"taxonomy":"category","embeddable":true,"href":"https:\/\/thiers-sur-theve.fr\/index.php\/wp-json\/wp\/v2\/categories?post=3950"},{"taxonomy":"post_tag","embeddable":true,"href":"https:\/\/thiers-sur-theve.fr\/index.php\/wp-json\/wp\/v2\/tags?post=3950"}],"curies":[{"name":"wp","href":"https:\/\/api.w.org\/{rel}","templated":true}]}}