{"id":3959,"date":"2024-06-17T11:55:46","date_gmt":"2024-06-17T09:55:46","guid":{"rendered":"https:\/\/thiers-sur-theve.fr\/?p=3959"},"modified":"2024-06-17T11:55:46","modified_gmt":"2024-06-17T09:55:46","slug":"bus-departemental-pour-lemploi-3","status":"publish","type":"post","link":"https:\/\/thiers-sur-theve.fr\/index.php\/2024\/06\/17\/bus-departemental-pour-lemploi-3\/","title":{"rendered":"BUS D\u00c9PARTEMENTAL POUR L&rsquo;EMPLOI"},"content":{"rendered":"\n<p>Bonjour \u00e0 toutes et \u00e0 tous,<\/p>\n\n\n\n<p>Le bus d\u00e9partemental pour l\u2019emploi sera pr\u00e9sent le mardi 25 juin 2024 de 13h45 \u00e0 16h15 sur la Place du Ch\u00e2teau.<\/p>\n\n\n<a href=\"https:\/\/thiers-sur-theve.fr\/wp-content\/uploads\/2024\/06\/20240617125918.pdf\" class=\"pdfemb-viewer\" style=\"\" data-width=\"max\" data-height=\"max\" data-toolbar=\"both\" data-toolbar-fixed=\"on\">20240617125918<\/a>","protected":false},"excerpt":{"rendered":"<p>Bonjour \u00e0 toutes et \u00e0 tous, Le bus d\u00e9partemental pour l\u2019emploi sera pr\u00e9sent le mardi 25 juin 2024 de 13h45 \u00e0 16h15 sur la Place du Ch\u00e2teau.<\/p>\n","protected":false},"author":5,"featured_media":3960,"comment_status":"closed","ping_status":"open","sticky":false,"template":"","format":"standard","meta":{"footnotes":""},"categories":[4],"tags":[],"class_list":["post-3959","post","type-post","status-publish","format-standard","has-post-thumbnail","hentry","category-actualite"],"_links":{"self":[{"href":"https:\/\/thiers-sur-theve.fr\/index.php\/wp-json\/wp\/v2\/posts\/3959","targetHints":{"allow":["GET"]}}],"collection":[{"href":"https:\/\/thiers-sur-theve.fr\/index.php\/wp-json\/wp\/v2\/posts"}],"about":[{"href":"https:\/\/thiers-sur-theve.fr\/index.php\/wp-json\/wp\/v2\/types\/post"}],"author":[{"embeddable":true,"href":"https:\/\/thiers-sur-theve.fr\/index.php\/wp-json\/wp\/v2\/users\/5"}],"replies":[{"embeddable":true,"href":"https:\/\/thiers-sur-theve.fr\/index.php\/wp-json\/wp\/v2\/comments?post=3959"}],"version-history":[{"count":0,"href":"https:\/\/thiers-sur-theve.fr\/index.php\/wp-json\/wp\/v2\/posts\/3959\/revisions"}],"wp:featuredmedia":[{"embeddable":true,"href":"https:\/\/thiers-sur-theve.fr\/index.php\/wp-json\/wp\/v2\/media\/3960"}],"wp:attachment":[{"href":"https:\/\/thiers-sur-theve.fr\/index.php\/wp-json\/wp\/v2\/media?parent=3959"}],"wp:term":[{"taxonomy":"category","embeddable":true,"href":"https:\/\/thiers-sur-theve.fr\/index.php\/wp-json\/wp\/v2\/categories?post=3959"},{"taxonomy":"post_tag","embeddable":true,"href":"https:\/\/thiers-sur-theve.fr\/index.php\/wp-json\/wp\/v2\/tags?post=3959"}],"curies":[{"name":"wp","href":"https:\/\/api.w.org\/{rel}","templated":true}]}}