{"id":4012,"date":"2024-07-12T18:26:51","date_gmt":"2024-07-12T16:26:51","guid":{"rendered":"https:\/\/thiers-sur-theve.fr\/?p=4012"},"modified":"2024-07-12T18:26:51","modified_gmt":"2024-07-12T16:26:51","slug":"arret-du-plan-local-durbanisme-revise","status":"publish","type":"post","link":"https:\/\/thiers-sur-theve.fr\/index.php\/2024\/07\/12\/arret-du-plan-local-durbanisme-revise\/","title":{"rendered":"ARRET DU PLAN LOCAL D&rsquo;URBANISME  REVISE"},"content":{"rendered":"\n<p>Bonjour \u00e0 toutes et \u00e0 tous, vous trouverez ci-dessous la d\u00e9lib\u00e9ration de la r\u00e9union du conseil municipal du 08 juillet 2024 tirant le bilan de la concertation publique et arr\u00eatant le projet du PLU r\u00e9vis\u00e9<\/p>\n\n\n<a href=\"https:\/\/thiers-sur-theve.fr\/wp-content\/uploads\/2024\/07\/20240712193052.pdf\" class=\"pdfemb-viewer\" style=\"\" data-width=\"max\" data-height=\"max\" data-toolbar=\"both\" data-toolbar-fixed=\"on\">20240712193052<\/a>","protected":false},"excerpt":{"rendered":"<p>Bonjour \u00e0 toutes et \u00e0 tous, vous trouverez ci-dessous la d\u00e9lib\u00e9ration de la r\u00e9union du conseil municipal du 08 juillet 2024 tirant le bilan de la concertation publique et arr\u00eatant le projet du PLU r\u00e9vis\u00e9<\/p>\n","protected":false},"author":5,"featured_media":0,"comment_status":"closed","ping_status":"open","sticky":false,"template":"","format":"standard","meta":{"footnotes":""},"categories":[1],"tags":[],"class_list":["post-4012","post","type-post","status-publish","format-standard","hentry","category-non-classe"],"_links":{"self":[{"href":"https:\/\/thiers-sur-theve.fr\/index.php\/wp-json\/wp\/v2\/posts\/4012","targetHints":{"allow":["GET"]}}],"collection":[{"href":"https:\/\/thiers-sur-theve.fr\/index.php\/wp-json\/wp\/v2\/posts"}],"about":[{"href":"https:\/\/thiers-sur-theve.fr\/index.php\/wp-json\/wp\/v2\/types\/post"}],"author":[{"embeddable":true,"href":"https:\/\/thiers-sur-theve.fr\/index.php\/wp-json\/wp\/v2\/users\/5"}],"replies":[{"embeddable":true,"href":"https:\/\/thiers-sur-theve.fr\/index.php\/wp-json\/wp\/v2\/comments?post=4012"}],"version-history":[{"count":0,"href":"https:\/\/thiers-sur-theve.fr\/index.php\/wp-json\/wp\/v2\/posts\/4012\/revisions"}],"wp:attachment":[{"href":"https:\/\/thiers-sur-theve.fr\/index.php\/wp-json\/wp\/v2\/media?parent=4012"}],"wp:term":[{"taxonomy":"category","embeddable":true,"href":"https:\/\/thiers-sur-theve.fr\/index.php\/wp-json\/wp\/v2\/categories?post=4012"},{"taxonomy":"post_tag","embeddable":true,"href":"https:\/\/thiers-sur-theve.fr\/index.php\/wp-json\/wp\/v2\/tags?post=4012"}],"curies":[{"name":"wp","href":"https:\/\/api.w.org\/{rel}","templated":true}]}}