{"id":4026,"date":"2024-08-02T10:54:26","date_gmt":"2024-08-02T08:54:26","guid":{"rendered":"https:\/\/thiers-sur-theve.fr\/?p=4026"},"modified":"2024-09-11T16:53:42","modified_gmt":"2024-09-11T14:53:42","slug":"nouveaux-horaires-bibliotheque-municipale","status":"publish","type":"post","link":"https:\/\/thiers-sur-theve.fr\/index.php\/2024\/08\/02\/nouveaux-horaires-bibliotheque-municipale\/","title":{"rendered":"NOUVEAUX HORAIRES BIBLIOTH\u00c8QUE MUNICIPALE"},"content":{"rendered":"\n<p>Bonjour \u00e0 toutes et \u00e0 tous, \u00e0 compter du mardi 1\u1d49\u02b3 octobre 2024, la biblioth\u00e8que sera ouverte le mardi de 16h30 \u00e0 18h30.<\/p>\n\n\n<a href=\"https:\/\/thiers-sur-theve.fr\/wp-content\/uploads\/2024\/08\/20240911180556.pdf\" class=\"pdfemb-viewer\" style=\"\" data-width=\"max\" data-height=\"max\" data-toolbar=\"both\" data-toolbar-fixed=\"on\">20240911180556<\/a>","protected":false},"excerpt":{"rendered":"<p>Bonjour \u00e0 toutes et \u00e0 tous, \u00e0 compter du mardi 1\u1d49\u02b3 octobre 2024, la biblioth\u00e8que sera ouverte le mardi de 16h30 \u00e0 18h30.<\/p>\n","protected":false},"author":5,"featured_media":4074,"comment_status":"closed","ping_status":"open","sticky":false,"template":"","format":"standard","meta":{"footnotes":""},"categories":[1],"tags":[],"class_list":["post-4026","post","type-post","status-publish","format-standard","has-post-thumbnail","hentry","category-non-classe"],"_links":{"self":[{"href":"https:\/\/thiers-sur-theve.fr\/index.php\/wp-json\/wp\/v2\/posts\/4026","targetHints":{"allow":["GET"]}}],"collection":[{"href":"https:\/\/thiers-sur-theve.fr\/index.php\/wp-json\/wp\/v2\/posts"}],"about":[{"href":"https:\/\/thiers-sur-theve.fr\/index.php\/wp-json\/wp\/v2\/types\/post"}],"author":[{"embeddable":true,"href":"https:\/\/thiers-sur-theve.fr\/index.php\/wp-json\/wp\/v2\/users\/5"}],"replies":[{"embeddable":true,"href":"https:\/\/thiers-sur-theve.fr\/index.php\/wp-json\/wp\/v2\/comments?post=4026"}],"version-history":[{"count":0,"href":"https:\/\/thiers-sur-theve.fr\/index.php\/wp-json\/wp\/v2\/posts\/4026\/revisions"}],"wp:featuredmedia":[{"embeddable":true,"href":"https:\/\/thiers-sur-theve.fr\/index.php\/wp-json\/wp\/v2\/media\/4074"}],"wp:attachment":[{"href":"https:\/\/thiers-sur-theve.fr\/index.php\/wp-json\/wp\/v2\/media?parent=4026"}],"wp:term":[{"taxonomy":"category","embeddable":true,"href":"https:\/\/thiers-sur-theve.fr\/index.php\/wp-json\/wp\/v2\/categories?post=4026"},{"taxonomy":"post_tag","embeddable":true,"href":"https:\/\/thiers-sur-theve.fr\/index.php\/wp-json\/wp\/v2\/tags?post=4026"}],"curies":[{"name":"wp","href":"https:\/\/api.w.org\/{rel}","templated":true}]}}