{"id":4037,"date":"2024-08-29T13:57:21","date_gmt":"2024-08-29T11:57:21","guid":{"rendered":"https:\/\/thiers-sur-theve.fr\/?p=4037"},"modified":"2024-08-29T14:06:56","modified_gmt":"2024-08-29T12:06:56","slug":"horaires-transport-scolaire-2024-2025","status":"publish","type":"post","link":"https:\/\/thiers-sur-theve.fr\/index.php\/2024\/08\/29\/horaires-transport-scolaire-2024-2025\/","title":{"rendered":"HORAIRES TRANSPORT SCOLAIRE (2024\/2025)"},"content":{"rendered":"\n<p>Bonjour \u00e0 toutes et \u00e0 tous, veuillez trouver les horaires pour les transports scolaires pour l&rsquo;ann\u00e9e 2024\/2025.<\/p>\n\n\n<a href=\"https:\/\/thiers-sur-theve.fr\/wp-content\/uploads\/2024\/08\/20240829150724.pdf\" class=\"pdfemb-viewer\" style=\"\" data-width=\"max\" data-height=\"max\" data-toolbar=\"both\" data-toolbar-fixed=\"on\">20240829150724<\/a>\n\n<a href=\"https:\/\/thiers-sur-theve.fr\/wp-content\/uploads\/2024\/08\/20240829151204.pdf\" class=\"pdfemb-viewer\" style=\"\" data-width=\"max\" data-height=\"max\" data-toolbar=\"both\" data-toolbar-fixed=\"on\">20240829151204<\/a>\n\n<a href=\"https:\/\/thiers-sur-theve.fr\/wp-content\/uploads\/2024\/08\/20240829151502.pdf\" class=\"pdfemb-viewer\" style=\"\" data-width=\"max\" data-height=\"max\" data-toolbar=\"both\" data-toolbar-fixed=\"on\">20240829151502<\/a>","protected":false},"excerpt":{"rendered":"<p>Bonjour \u00e0 toutes et \u00e0 tous, veuillez trouver les horaires pour les transports scolaires pour l&rsquo;ann\u00e9e 2024\/2025.<\/p>\n","protected":false},"author":5,"featured_media":4040,"comment_status":"closed","ping_status":"open","sticky":false,"template":"","format":"standard","meta":{"footnotes":""},"categories":[7],"tags":[],"class_list":["post-4037","post","type-post","status-publish","format-standard","has-post-thumbnail","hentry","category-communication-externe"],"_links":{"self":[{"href":"https:\/\/thiers-sur-theve.fr\/index.php\/wp-json\/wp\/v2\/posts\/4037","targetHints":{"allow":["GET"]}}],"collection":[{"href":"https:\/\/thiers-sur-theve.fr\/index.php\/wp-json\/wp\/v2\/posts"}],"about":[{"href":"https:\/\/thiers-sur-theve.fr\/index.php\/wp-json\/wp\/v2\/types\/post"}],"author":[{"embeddable":true,"href":"https:\/\/thiers-sur-theve.fr\/index.php\/wp-json\/wp\/v2\/users\/5"}],"replies":[{"embeddable":true,"href":"https:\/\/thiers-sur-theve.fr\/index.php\/wp-json\/wp\/v2\/comments?post=4037"}],"version-history":[{"count":0,"href":"https:\/\/thiers-sur-theve.fr\/index.php\/wp-json\/wp\/v2\/posts\/4037\/revisions"}],"wp:featuredmedia":[{"embeddable":true,"href":"https:\/\/thiers-sur-theve.fr\/index.php\/wp-json\/wp\/v2\/media\/4040"}],"wp:attachment":[{"href":"https:\/\/thiers-sur-theve.fr\/index.php\/wp-json\/wp\/v2\/media?parent=4037"}],"wp:term":[{"taxonomy":"category","embeddable":true,"href":"https:\/\/thiers-sur-theve.fr\/index.php\/wp-json\/wp\/v2\/categories?post=4037"},{"taxonomy":"post_tag","embeddable":true,"href":"https:\/\/thiers-sur-theve.fr\/index.php\/wp-json\/wp\/v2\/tags?post=4037"}],"curies":[{"name":"wp","href":"https:\/\/api.w.org\/{rel}","templated":true}]}}