{"id":4076,"date":"2024-09-16T18:09:56","date_gmt":"2024-09-16T16:09:56","guid":{"rendered":"https:\/\/thiers-sur-theve.fr\/?p=4076"},"modified":"2024-09-16T18:09:56","modified_gmt":"2024-09-16T16:09:56","slug":"passage-de-la-balayeuse","status":"publish","type":"post","link":"https:\/\/thiers-sur-theve.fr\/index.php\/2024\/09\/16\/passage-de-la-balayeuse\/","title":{"rendered":"PASSAGE DE LA BALAYEUSE"},"content":{"rendered":"\n<p>Bonjour \u00e0 toutes et \u00e0 tous,<\/p>\n\n\n\n<p>Bonjour \u00e0 toutes et \u00e0 tous, le passage de la balayeuse s\u2019effectuera le mercredi 25 septembre prochain. Merci de stationner vos v\u00e9hicules \u00e0 l\u2019int\u00e9rieur de vos propri\u00e9t\u00e9s.<\/p>\n","protected":false},"excerpt":{"rendered":"<p>Bonjour \u00e0 toutes et \u00e0 tous, Bonjour \u00e0 toutes et \u00e0 tous, le passage de la balayeuse s\u2019effectuera le mercredi 25 septembre prochain. Merci de stationner vos v\u00e9hicules \u00e0 l\u2019int\u00e9rieur de vos propri\u00e9t\u00e9s.<\/p>\n","protected":false},"author":5,"featured_media":0,"comment_status":"closed","ping_status":"open","sticky":false,"template":"","format":"standard","meta":{"footnotes":""},"categories":[4],"tags":[],"class_list":["post-4076","post","type-post","status-publish","format-standard","hentry","category-actualite"],"_links":{"self":[{"href":"https:\/\/thiers-sur-theve.fr\/index.php\/wp-json\/wp\/v2\/posts\/4076","targetHints":{"allow":["GET"]}}],"collection":[{"href":"https:\/\/thiers-sur-theve.fr\/index.php\/wp-json\/wp\/v2\/posts"}],"about":[{"href":"https:\/\/thiers-sur-theve.fr\/index.php\/wp-json\/wp\/v2\/types\/post"}],"author":[{"embeddable":true,"href":"https:\/\/thiers-sur-theve.fr\/index.php\/wp-json\/wp\/v2\/users\/5"}],"replies":[{"embeddable":true,"href":"https:\/\/thiers-sur-theve.fr\/index.php\/wp-json\/wp\/v2\/comments?post=4076"}],"version-history":[{"count":0,"href":"https:\/\/thiers-sur-theve.fr\/index.php\/wp-json\/wp\/v2\/posts\/4076\/revisions"}],"wp:attachment":[{"href":"https:\/\/thiers-sur-theve.fr\/index.php\/wp-json\/wp\/v2\/media?parent=4076"}],"wp:term":[{"taxonomy":"category","embeddable":true,"href":"https:\/\/thiers-sur-theve.fr\/index.php\/wp-json\/wp\/v2\/categories?post=4076"},{"taxonomy":"post_tag","embeddable":true,"href":"https:\/\/thiers-sur-theve.fr\/index.php\/wp-json\/wp\/v2\/tags?post=4076"}],"curies":[{"name":"wp","href":"https:\/\/api.w.org\/{rel}","templated":true}]}}