{"id":4288,"date":"2025-01-28T17:41:04","date_gmt":"2025-01-28T16:41:04","guid":{"rendered":"https:\/\/thiers-sur-theve.fr\/?p=4288"},"modified":"2025-01-28T17:47:08","modified_gmt":"2025-01-28T16:47:08","slug":"inscriptions-scolaires-rentree-2025-2026","status":"publish","type":"post","link":"https:\/\/thiers-sur-theve.fr\/index.php\/2025\/01\/28\/inscriptions-scolaires-rentree-2025-2026\/","title":{"rendered":"INSCRIPTIONS SCOLAIRES &#8211; RENTR\u00c9E 2025\/2026"},"content":{"rendered":"\n<p>Bonjour \u00e0 toutes et \u00e0 tous,<\/p>\n\n\n\n<p>Les inscriptions scolaires pour la rentr\u00e9e 2025\/2026 pour les enfants n\u00e9s entre le 1\u1d49\u02b3 janvier et le 31 d\u00e9cembre 2022.<\/p>\n\n\n\n<p>Merci de d\u00e9poser le dossier ci-joint avec les pi\u00e8ces demand\u00e9es avec le 20 f\u00e9vrier 2025.<\/p>\n\n\n<a href=\"https:\/\/thiers-sur-theve.fr\/wp-content\/uploads\/2025\/01\/20250128190141.pdf\" class=\"pdfemb-viewer\" style=\"\" data-width=\"max\" data-height=\"max\" data-toolbar=\"both\" data-toolbar-fixed=\"on\">20250128190141<\/a>","protected":false},"excerpt":{"rendered":"<p>Bonjour \u00e0 toutes et \u00e0 tous, Les inscriptions scolaires pour la rentr\u00e9e 2025\/2026 pour les enfants n\u00e9s entre le 1\u1d49\u02b3 janvier et le 31 d\u00e9cembre 2022. Merci de d\u00e9poser le dossier ci-joint avec les pi\u00e8ces demand\u00e9es avec le 20 f\u00e9vrier 2025.<\/p>\n","protected":false},"author":5,"featured_media":4295,"comment_status":"closed","ping_status":"open","sticky":false,"template":"","format":"standard","meta":{"footnotes":""},"categories":[9],"tags":[],"class_list":["post-4288","post","type-post","status-publish","format-standard","has-post-thumbnail","hentry","category-groupe-scolaire"],"_links":{"self":[{"href":"https:\/\/thiers-sur-theve.fr\/index.php\/wp-json\/wp\/v2\/posts\/4288","targetHints":{"allow":["GET"]}}],"collection":[{"href":"https:\/\/thiers-sur-theve.fr\/index.php\/wp-json\/wp\/v2\/posts"}],"about":[{"href":"https:\/\/thiers-sur-theve.fr\/index.php\/wp-json\/wp\/v2\/types\/post"}],"author":[{"embeddable":true,"href":"https:\/\/thiers-sur-theve.fr\/index.php\/wp-json\/wp\/v2\/users\/5"}],"replies":[{"embeddable":true,"href":"https:\/\/thiers-sur-theve.fr\/index.php\/wp-json\/wp\/v2\/comments?post=4288"}],"version-history":[{"count":0,"href":"https:\/\/thiers-sur-theve.fr\/index.php\/wp-json\/wp\/v2\/posts\/4288\/revisions"}],"wp:featuredmedia":[{"embeddable":true,"href":"https:\/\/thiers-sur-theve.fr\/index.php\/wp-json\/wp\/v2\/media\/4295"}],"wp:attachment":[{"href":"https:\/\/thiers-sur-theve.fr\/index.php\/wp-json\/wp\/v2\/media?parent=4288"}],"wp:term":[{"taxonomy":"category","embeddable":true,"href":"https:\/\/thiers-sur-theve.fr\/index.php\/wp-json\/wp\/v2\/categories?post=4288"},{"taxonomy":"post_tag","embeddable":true,"href":"https:\/\/thiers-sur-theve.fr\/index.php\/wp-json\/wp\/v2\/tags?post=4288"}],"curies":[{"name":"wp","href":"https:\/\/api.w.org\/{rel}","templated":true}]}}