{"id":4544,"date":"2025-05-12T14:33:03","date_gmt":"2025-05-12T12:33:03","guid":{"rendered":"https:\/\/thiers-sur-theve.fr\/?p=4544"},"modified":"2025-05-12T14:33:03","modified_gmt":"2025-05-12T12:33:03","slug":"soiree-des-parents-ado-et-hypersensibilite","status":"publish","type":"post","link":"https:\/\/thiers-sur-theve.fr\/index.php\/2025\/05\/12\/soiree-des-parents-ado-et-hypersensibilite\/","title":{"rendered":"SOIR\u00c9E DES PARENTS : \u00ab\u00a0ADO ET HYPERSENSIBILIT\u00c9\u00a0\u00bb"},"content":{"rendered":"\n<p>Bonjour,<\/p>\n\n\n\n<p>La Maison des Ados de l\u2019Oise organise sa soir\u00e9e des parents le 21 mai 2025 de 18h00 \u00e0 20h00 sur la th\u00e9matique : \u00ab\u00a0ADO ET HYPERSENSIBILIT\u00c9\u00a0\u00bb.<\/p>\n\n\n\n<p>Vous pouvez vous inscrire via mail : mdaoise@nouvelleforge.com ou en nous appelant au 03.44.64.73.22<\/p>\n\n\n\n<p>L\u2019\u00e9quipe de la Maison des Adolescents de l\u2019Oise reste disponible pour toutes informations compl\u00e9mentaires.<\/p>\n\n\n<a href=\"https:\/\/thiers-sur-theve.fr\/wp-content\/uploads\/2025\/05\/20250512152837.pdf\" class=\"pdfemb-viewer\" style=\"\" data-width=\"max\" data-height=\"max\" data-toolbar=\"both\" data-toolbar-fixed=\"on\">20250512152837<\/a>","protected":false},"excerpt":{"rendered":"<p>Bonjour, La Maison des Ados de l\u2019Oise organise sa soir\u00e9e des parents le 21 mai 2025 de 18h00 \u00e0 20h00 sur la th\u00e9matique : \u00ab\u00a0ADO ET HYPERSENSIBILIT\u00c9\u00a0\u00bb. Vous pouvez vous inscrire via mail : mdaoise@nouvelleforge.com ou en nous appelant au 03.44.64.73.22 L\u2019\u00e9quipe de la Maison des Adolescents de l\u2019Oise reste disponible pour toutes informations compl\u00e9mentaires.<\/p>\n","protected":false},"author":5,"featured_media":4546,"comment_status":"closed","ping_status":"open","sticky":false,"template":"","format":"standard","meta":{"footnotes":""},"categories":[1],"tags":[],"class_list":["post-4544","post","type-post","status-publish","format-standard","has-post-thumbnail","hentry","category-non-classe"],"_links":{"self":[{"href":"https:\/\/thiers-sur-theve.fr\/index.php\/wp-json\/wp\/v2\/posts\/4544","targetHints":{"allow":["GET"]}}],"collection":[{"href":"https:\/\/thiers-sur-theve.fr\/index.php\/wp-json\/wp\/v2\/posts"}],"about":[{"href":"https:\/\/thiers-sur-theve.fr\/index.php\/wp-json\/wp\/v2\/types\/post"}],"author":[{"embeddable":true,"href":"https:\/\/thiers-sur-theve.fr\/index.php\/wp-json\/wp\/v2\/users\/5"}],"replies":[{"embeddable":true,"href":"https:\/\/thiers-sur-theve.fr\/index.php\/wp-json\/wp\/v2\/comments?post=4544"}],"version-history":[{"count":0,"href":"https:\/\/thiers-sur-theve.fr\/index.php\/wp-json\/wp\/v2\/posts\/4544\/revisions"}],"wp:featuredmedia":[{"embeddable":true,"href":"https:\/\/thiers-sur-theve.fr\/index.php\/wp-json\/wp\/v2\/media\/4546"}],"wp:attachment":[{"href":"https:\/\/thiers-sur-theve.fr\/index.php\/wp-json\/wp\/v2\/media?parent=4544"}],"wp:term":[{"taxonomy":"category","embeddable":true,"href":"https:\/\/thiers-sur-theve.fr\/index.php\/wp-json\/wp\/v2\/categories?post=4544"},{"taxonomy":"post_tag","embeddable":true,"href":"https:\/\/thiers-sur-theve.fr\/index.php\/wp-json\/wp\/v2\/tags?post=4544"}],"curies":[{"name":"wp","href":"https:\/\/api.w.org\/{rel}","templated":true}]}}