{"id":4547,"date":"2025-05-12T14:39:32","date_gmt":"2025-05-12T12:39:32","guid":{"rendered":"https:\/\/thiers-sur-theve.fr\/?p=4547"},"modified":"2025-05-12T14:39:32","modified_gmt":"2025-05-12T12:39:32","slug":"le-smdo-recherche-un-agent-dexploitation-des-dechetteries","status":"publish","type":"post","link":"https:\/\/thiers-sur-theve.fr\/index.php\/2025\/05\/12\/le-smdo-recherche-un-agent-dexploitation-des-dechetteries\/","title":{"rendered":"LE SMDO recherche un agent d&rsquo;exploitation des d\u00e9chetteries"},"content":{"rendered":"\n<p>Bonjour \u00e0 toutes et \u00e0 tous, le syndicat mixte du D\u00e9partement de l&rsquo;Oise recherche un agent d&rsquo;exploitation des d\u00e9chetteries sur le secteur Plailly &#8211; Barbery &#8211; Lamorlaye.<\/p>\n\n\n\n<p> CV + lettre de motivation adress\u00e9e au Pr\u00e9sident du SMDO<\/p>\n\n\n\n<p>Possibilit\u00e9 d\u2019envoyer par mail \u00e0&nbsp;: <a href=\"mailto:recrutement@smdoise.fr\">recrutement@smdoise.fr<\/a><\/p>\n\n\n<a href=\"https:\/\/thiers-sur-theve.fr\/wp-content\/uploads\/2025\/05\/20250512153352.pdf\" class=\"pdfemb-viewer\" style=\"\" data-width=\"max\" data-height=\"max\" data-toolbar=\"both\" data-toolbar-fixed=\"on\">20250512153352<\/a>","protected":false},"excerpt":{"rendered":"<p>Bonjour \u00e0 toutes et \u00e0 tous, le syndicat mixte du D\u00e9partement de l&rsquo;Oise recherche un agent d&rsquo;exploitation des d\u00e9chetteries sur le secteur Plailly &#8211; Barbery &#8211; Lamorlaye. CV + lettre de motivation adress\u00e9e au Pr\u00e9sident du SMDO Possibilit\u00e9 d\u2019envoyer par mail \u00e0&nbsp;: recrutement@smdoise.fr<\/p>\n","protected":false},"author":5,"featured_media":4549,"comment_status":"closed","ping_status":"open","sticky":false,"template":"","format":"standard","meta":{"footnotes":""},"categories":[7],"tags":[],"class_list":["post-4547","post","type-post","status-publish","format-standard","has-post-thumbnail","hentry","category-communication-externe"],"_links":{"self":[{"href":"https:\/\/thiers-sur-theve.fr\/index.php\/wp-json\/wp\/v2\/posts\/4547","targetHints":{"allow":["GET"]}}],"collection":[{"href":"https:\/\/thiers-sur-theve.fr\/index.php\/wp-json\/wp\/v2\/posts"}],"about":[{"href":"https:\/\/thiers-sur-theve.fr\/index.php\/wp-json\/wp\/v2\/types\/post"}],"author":[{"embeddable":true,"href":"https:\/\/thiers-sur-theve.fr\/index.php\/wp-json\/wp\/v2\/users\/5"}],"replies":[{"embeddable":true,"href":"https:\/\/thiers-sur-theve.fr\/index.php\/wp-json\/wp\/v2\/comments?post=4547"}],"version-history":[{"count":0,"href":"https:\/\/thiers-sur-theve.fr\/index.php\/wp-json\/wp\/v2\/posts\/4547\/revisions"}],"wp:featuredmedia":[{"embeddable":true,"href":"https:\/\/thiers-sur-theve.fr\/index.php\/wp-json\/wp\/v2\/media\/4549"}],"wp:attachment":[{"href":"https:\/\/thiers-sur-theve.fr\/index.php\/wp-json\/wp\/v2\/media?parent=4547"}],"wp:term":[{"taxonomy":"category","embeddable":true,"href":"https:\/\/thiers-sur-theve.fr\/index.php\/wp-json\/wp\/v2\/categories?post=4547"},{"taxonomy":"post_tag","embeddable":true,"href":"https:\/\/thiers-sur-theve.fr\/index.php\/wp-json\/wp\/v2\/tags?post=4547"}],"curies":[{"name":"wp","href":"https:\/\/api.w.org\/{rel}","templated":true}]}}